{"id":5025,"date":"2021-04-15T11:13:51","date_gmt":"2021-04-15T09:13:51","guid":{"rendered":"https:\/\/www.iberosa.com\/pack-textile-sanitaire-pour-lit\/"},"modified":"2021-05-04T11:39:51","modified_gmt":"2021-05-04T09:39:51","slug":"pack-textile-sanitaire-pour-lit","status":"publish","type":"post","link":"https:\/\/www.iberosa.com\/fr\/pack-textile-sanitaire-pour-lit\/","title":{"rendered":"Pack textile sanitaire pour lit"},"content":{"rendered":"<h2>Leaders dans les maisons retraite et les h\u00f4pitaux<\/h2>\n<p>Chez Textiles Rumbo, nous aimons \u00e9couter nos clients. C&rsquo;est pourquoi nous avons con\u00e7u cet ensemble qui comprend les produits les plus demand\u00e9s par les maisons retraite et les h\u00f4pitaux avec lesquels nous collaborons.<\/p>\n<p>Avec eux, vous pouvez transformer n&rsquo;importe quel lit en un lit sanitaire enti\u00e8rement \u00e9quip\u00e9, sans luxe inutile, mais sans sacrifier notre qualit\u00e9 habituelle, ce qui nous permet d&rsquo;offrir des prix tr\u00e8s comp\u00e9titifs.<\/p>\n<p>Cet ensemble am\u00e9liore le confort et la s\u00e9curit\u00e9 du patient et de ses soignants. En m\u00eame temps, il prot\u00e8ge le matelas de toutes sortes de taches et d\u2019humidit\u00e9, en gardant le lit propre et sec. Il contribue ainsi \u00e0 am\u00e9liorer ses performances hygi\u00e9niques et sanitaires pour prolonger sa dur\u00e9e de vie utile.<\/p>\n<h2>Hygi\u00e8ne<\/h2>\n<p>Le pack BASIC+ se compose d&rsquo;un confortable matelas visco\u00e9lastique de densit\u00e9 moyenne \u00e9quip\u00e9 d&rsquo;une housse sanitaire sur mesure. Il est trait\u00e9 contre les champignons et les bact\u00e9ries, en plus d&rsquo;\u00eatre un tissu ignifuge, imperm\u00e9able et respirant, de sorte que le patient b\u00e9n\u00e9ficiera d&rsquo;une meilleure hygi\u00e8ne ainsi que d&rsquo;un grand confort et d&rsquo;une grande s\u00e9curit\u00e9.<\/p>\n<p>Il comprend \u00e9galement un oreiller sp\u00e9cialement con\u00e7u pour le sommeil sur le dos, en fibre creuse silicon\u00e9e. Ce type de fibre facilite la circulation de l&rsquo;air et l&rsquo;\u00e9vaporation de l&rsquo;humidit\u00e9. Cette grande respirabilit\u00e9 lui conf\u00e8re des propri\u00e9t\u00e9s antiallergiques, tandis que le traitement au silicone lui donne un toucher extra doux et un plus grand confort. Il est prot\u00e9g\u00e9 par une housse imperm\u00e9able en \u00e9ponge de coton avec une membrane en polyur\u00e9thane ce qui la rend respirable, imperm\u00e9able et absorbante.<\/p>\n<p>Pour augmenter l&rsquo;hygi\u00e8ne de l&rsquo;ensemble, vous trouverez \u00e9galement deux al\u00e8ses \u00ab\u00a0Toronto Plus\u00a0\u00bb. Il s&rsquo;agit de notre al\u00e8se la plus populaire : elle est r\u00e9utilisable et se compose de 4 couches de polyester renforc\u00e9es par une membrane en polyur\u00e9thane. La composition en polyester permet d&rsquo;acc\u00e9l\u00e9rer le s\u00e9chage, tandis que le renforcement en polyur\u00e9thane rend le produit plus \u00e9lastique, doux et silencieux. Cette al\u00e8se a une grande capacit\u00e9 d&rsquo;absorption (3,15l\/m2) et est munie de rabats pour faciliter son ajustement au matelas, l&#8217;emp\u00eachant de bouger pour augmenter le confort du patient.<\/p>\n<h2>S\u00e9curit\u00e9<\/h2>\n<p>Afin d&rsquo;\u00e9viter que le patient ne se blesse, le pack BASIC+ comprend deux protections de barri\u00e8res lat\u00e9rales avec un c\u0153ur de mousse et une couverture en polyester et polyur\u00e9thane avec traitement ignifuge, antibact\u00e9rien et antifongique, en plus d&rsquo;\u00eatre imperm\u00e9able.<\/p>\n<h2>Confort<\/h2>\n<p>L&rsquo;ensemble est compl\u00e9t\u00e9 par deux ensembles complets de linge de lit, comprenant chacun:<\/p>\n<ul>\n<li>Drap plat<\/li>\n<li>Drap-housse<\/li>\n<li>Taie d\u2019oreiller<\/li>\n<li>Dessus-de-lit<\/li>\n<li>Couverture polaire<\/li>\n<\/ul>\n<p>Les draps de lit et la taie d&rsquo;oreiller sont fabriqu\u00e9s en percale de coton et de polyester. Il s&rsquo;agit d&rsquo;un tissu qui offre une excellente respirabilit\u00e9 et qui a un entretien facile. Ils peuvent \u00eatre personnalis\u00e9s avec le logo ou le nom du client par s\u00e9rigraphie ou broderie.<\/p>\n<p>Le dessus-de-lit, \u00e9galement en coton et polyester, est doux, l\u00e9ger et tr\u00e8s r\u00e9sistant, id\u00e9al pour les mois les plus chauds ; et quand le froid nous rattrape, nous avons une chaude couverture polaire, d&rsquo;un grammage de 350gr\/m2 qui est certifi\u00e9e ininflammable selon la norme ISO12952.<\/p>\n","protected":false},"excerpt":{"rendered":"<p>Nous souhaitons vous faire part de l&rsquo;un des nouveaux produits que nous avons pr\u00e9sent\u00e9 avec grand succ\u00e8s lors du dernier Congr\u00e8s national sur la d\u00e9pendance et les soins de sant\u00e9 : le Pack BASIC+.<\/p>\n","protected":false},"author":1,"featured_media":4989,"comment_status":"closed","ping_status":"closed","sticky":false,"template":"","format":"standard","meta":{"_acf_changed":false,"footnotes":""},"categories":[],"tags":[],"class_list":["post-5025","post","type-post","status-publish","format-standard","has-post-thumbnail","hentry"],"acf":[],"yoast_head":"<!-- This site is optimized with the Yoast SEO plugin v27.3 - https:\/\/yoast.com\/product\/yoast-seo-wordpress\/ -->\n<title>Pack textile sanitaire pour lit<\/title>\n<meta name=\"robots\" content=\"index, follow, max-snippet:-1, max-image-preview:large, max-video-preview:-1\" \/>\n<link rel=\"canonical\" href=\"https:\/\/www.iberosa.com\/fr\/pack-textile-sanitaire-pour-lit\/\" \/>\n<meta property=\"og:locale\" content=\"fr_FR\" \/>\n<meta property=\"og:type\" content=\"article\" \/>\n<meta property=\"og:title\" content=\"Pack textile sanitaire pour lit\" \/>\n<meta property=\"og:description\" content=\"Nous souhaitons vous faire part de l&#039;un des nouveaux produits que nous avons pr\u00e9sent\u00e9 avec grand succ\u00e8s lors du dernier Congr\u00e8s national sur la d\u00e9pendance et les soins de sant\u00e9 : le Pack BASIC+.\" \/>\n<meta property=\"og:url\" content=\"https:\/\/www.iberosa.com\/fr\/pack-textile-sanitaire-pour-lit\/\" \/>\n<meta property=\"og:site_name\" content=\"Iberosa - Iberoamericana de hilados y tejidos, SA\" \/>\n<meta property=\"article:publisher\" content=\"https:\/\/www.facebook.com\/iberosatextiles\" \/>\n<meta property=\"article:published_time\" content=\"2021-04-15T09:13:51+00:00\" \/>\n<meta property=\"article:modified_time\" content=\"2021-05-04T09:39:51+00:00\" \/>\n<meta property=\"og:image\" content=\"https:\/\/www.iberosa.com\/wp-content\/uploads\/2021\/04\/textiles-rumbo-pack-texti-sanitario-cama-01.jpg\" \/>\n\t<meta property=\"og:image:width\" content=\"1000\" \/>\n\t<meta property=\"og:image:height\" content=\"648\" \/>\n\t<meta property=\"og:image:type\" content=\"image\/jpeg\" \/>\n<meta name=\"author\" content=\"admin_rumbo\" \/>\n<meta name=\"twitter:card\" content=\"summary_large_image\" \/>\n<meta name=\"twitter:creator\" content=\"@IberosaTextiles\" \/>\n<meta name=\"twitter:site\" content=\"@IberosaTextiles\" \/>\n<script type=\"application\/ld+json\" class=\"yoast-schema-graph\">{\"@context\":\"https:\\\/\\\/schema.org\",\"@graph\":[{\"@type\":\"Article\",\"@id\":\"https:\\\/\\\/www.iberosa.com\\\/fr\\\/pack-textile-sanitaire-pour-lit\\\/#article\",\"isPartOf\":{\"@id\":\"https:\\\/\\\/www.iberosa.com\\\/fr\\\/pack-textile-sanitaire-pour-lit\\\/\"},\"author\":{\"name\":\"admin_rumbo\",\"@id\":\"https:\\\/\\\/www.iberosa.com\\\/fr\\\/#\\\/schema\\\/person\\\/7fde146850fdfb237cc788ba43c93b9c\"},\"headline\":\"Pack textile sanitaire pour lit\",\"datePublished\":\"2021-04-15T09:13:51+00:00\",\"dateModified\":\"2021-05-04T09:39:51+00:00\",\"mainEntityOfPage\":{\"@id\":\"https:\\\/\\\/www.iberosa.com\\\/fr\\\/pack-textile-sanitaire-pour-lit\\\/\"},\"wordCount\":592,\"publisher\":{\"@id\":\"https:\\\/\\\/www.iberosa.com\\\/fr\\\/#organization\"},\"image\":{\"@id\":\"https:\\\/\\\/www.iberosa.com\\\/fr\\\/pack-textile-sanitaire-pour-lit\\\/#primaryimage\"},\"thumbnailUrl\":\"https:\\\/\\\/www.iberosa.com\\\/wp-content\\\/uploads\\\/2021\\\/04\\\/textiles-rumbo-pack-texti-sanitario-cama-01.jpg\",\"inLanguage\":\"fr-FR\"},{\"@type\":\"WebPage\",\"@id\":\"https:\\\/\\\/www.iberosa.com\\\/fr\\\/pack-textile-sanitaire-pour-lit\\\/\",\"url\":\"https:\\\/\\\/www.iberosa.com\\\/fr\\\/pack-textile-sanitaire-pour-lit\\\/\",\"name\":\"Pack textile sanitaire pour lit\",\"isPartOf\":{\"@id\":\"https:\\\/\\\/www.iberosa.com\\\/fr\\\/#website\"},\"primaryImageOfPage\":{\"@id\":\"https:\\\/\\\/www.iberosa.com\\\/fr\\\/pack-textile-sanitaire-pour-lit\\\/#primaryimage\"},\"image\":{\"@id\":\"https:\\\/\\\/www.iberosa.com\\\/fr\\\/pack-textile-sanitaire-pour-lit\\\/#primaryimage\"},\"thumbnailUrl\":\"https:\\\/\\\/www.iberosa.com\\\/wp-content\\\/uploads\\\/2021\\\/04\\\/textiles-rumbo-pack-texti-sanitario-cama-01.jpg\",\"datePublished\":\"2021-04-15T09:13:51+00:00\",\"dateModified\":\"2021-05-04T09:39:51+00:00\",\"breadcrumb\":{\"@id\":\"https:\\\/\\\/www.iberosa.com\\\/fr\\\/pack-textile-sanitaire-pour-lit\\\/#breadcrumb\"},\"inLanguage\":\"fr-FR\",\"potentialAction\":[{\"@type\":\"ReadAction\",\"target\":[\"https:\\\/\\\/www.iberosa.com\\\/fr\\\/pack-textile-sanitaire-pour-lit\\\/\"]}]},{\"@type\":\"ImageObject\",\"inLanguage\":\"fr-FR\",\"@id\":\"https:\\\/\\\/www.iberosa.com\\\/fr\\\/pack-textile-sanitaire-pour-lit\\\/#primaryimage\",\"url\":\"https:\\\/\\\/www.iberosa.com\\\/wp-content\\\/uploads\\\/2021\\\/04\\\/textiles-rumbo-pack-texti-sanitario-cama-01.jpg\",\"contentUrl\":\"https:\\\/\\\/www.iberosa.com\\\/wp-content\\\/uploads\\\/2021\\\/04\\\/textiles-rumbo-pack-texti-sanitario-cama-01.jpg\",\"width\":1000,\"height\":648},{\"@type\":\"BreadcrumbList\",\"@id\":\"https:\\\/\\\/www.iberosa.com\\\/fr\\\/pack-textile-sanitaire-pour-lit\\\/#breadcrumb\",\"itemListElement\":[{\"@type\":\"ListItem\",\"position\":1,\"name\":\"Accueil\",\"item\":\"https:\\\/\\\/www.iberosa.com\\\/fr\\\/\"},{\"@type\":\"ListItem\",\"position\":2,\"name\":\"Pack textile sanitaire pour lit\"}]},{\"@type\":\"WebSite\",\"@id\":\"https:\\\/\\\/www.iberosa.com\\\/fr\\\/#website\",\"url\":\"https:\\\/\\\/www.iberosa.com\\\/fr\\\/\",\"name\":\"Iberosa - Iberoamericana de hilados y tejidos, SL\",\"description\":\"Especializados en textil para hosteler\u00eda y sanidad\",\"publisher\":{\"@id\":\"https:\\\/\\\/www.iberosa.com\\\/fr\\\/#organization\"},\"potentialAction\":[{\"@type\":\"SearchAction\",\"target\":{\"@type\":\"EntryPoint\",\"urlTemplate\":\"https:\\\/\\\/www.iberosa.com\\\/fr\\\/?s={search_term_string}\"},\"query-input\":{\"@type\":\"PropertyValueSpecification\",\"valueRequired\":true,\"valueName\":\"search_term_string\"}}],\"inLanguage\":\"fr-FR\"},{\"@type\":\"Organization\",\"@id\":\"https:\\\/\\\/www.iberosa.com\\\/fr\\\/#organization\",\"name\":\"Iberosa - Iberoamericana de hilados y tejidos, SL\",\"url\":\"https:\\\/\\\/www.iberosa.com\\\/fr\\\/\",\"logo\":{\"@type\":\"ImageObject\",\"inLanguage\":\"fr-FR\",\"@id\":\"https:\\\/\\\/www.iberosa.com\\\/fr\\\/#\\\/schema\\\/logo\\\/image\\\/\",\"url\":\"https:\\\/\\\/www.iberosa.com\\\/wp-content\\\/uploads\\\/2019\\\/11\\\/logo-iberosa-web-2021.png\",\"contentUrl\":\"https:\\\/\\\/www.iberosa.com\\\/wp-content\\\/uploads\\\/2019\\\/11\\\/logo-iberosa-web-2021.png\",\"width\":276,\"height\":45,\"caption\":\"Iberosa - Iberoamericana de hilados y tejidos, SL\"},\"image\":{\"@id\":\"https:\\\/\\\/www.iberosa.com\\\/fr\\\/#\\\/schema\\\/logo\\\/image\\\/\"},\"sameAs\":[\"https:\\\/\\\/www.facebook.com\\\/iberosatextiles\",\"https:\\\/\\\/x.com\\\/IberosaTextiles\",\"https:\\\/\\\/www.linkedin.com\\\/company\\\/iberosa-textiles\"]},{\"@type\":\"Person\",\"@id\":\"https:\\\/\\\/www.iberosa.com\\\/fr\\\/#\\\/schema\\\/person\\\/7fde146850fdfb237cc788ba43c93b9c\",\"name\":\"admin_rumbo\",\"image\":{\"@type\":\"ImageObject\",\"inLanguage\":\"fr-FR\",\"@id\":\"https:\\\/\\\/secure.gravatar.com\\\/avatar\\\/31cfed26ea3f5b11101034c35da9feb8d5c72a2da3d6f6bccb9b6f6819b6b63d?s=96&d=mm&r=g\",\"url\":\"https:\\\/\\\/secure.gravatar.com\\\/avatar\\\/31cfed26ea3f5b11101034c35da9feb8d5c72a2da3d6f6bccb9b6f6819b6b63d?s=96&d=mm&r=g\",\"contentUrl\":\"https:\\\/\\\/secure.gravatar.com\\\/avatar\\\/31cfed26ea3f5b11101034c35da9feb8d5c72a2da3d6f6bccb9b6f6819b6b63d?s=96&d=mm&r=g\",\"caption\":\"admin_rumbo\"},\"url\":\"https:\\\/\\\/www.iberosa.com\\\/fr\\\/author\\\/admin_rumbo\\\/\"}]}<\/script>\n<!-- \/ Yoast SEO plugin. -->","yoast_head_json":{"title":"Pack textile sanitaire pour lit","robots":{"index":"index","follow":"follow","max-snippet":"max-snippet:-1","max-image-preview":"max-image-preview:large","max-video-preview":"max-video-preview:-1"},"canonical":"https:\/\/www.iberosa.com\/fr\/pack-textile-sanitaire-pour-lit\/","og_locale":"fr_FR","og_type":"article","og_title":"Pack textile sanitaire pour lit","og_description":"Nous souhaitons vous faire part de l'un des nouveaux produits que nous avons pr\u00e9sent\u00e9 avec grand succ\u00e8s lors du dernier Congr\u00e8s national sur la d\u00e9pendance et les soins de sant\u00e9 : le Pack BASIC+.","og_url":"https:\/\/www.iberosa.com\/fr\/pack-textile-sanitaire-pour-lit\/","og_site_name":"Iberosa - Iberoamericana de hilados y tejidos, SA","article_publisher":"https:\/\/www.facebook.com\/iberosatextiles","article_published_time":"2021-04-15T09:13:51+00:00","article_modified_time":"2021-05-04T09:39:51+00:00","og_image":[{"width":1000,"height":648,"url":"https:\/\/www.iberosa.com\/wp-content\/uploads\/2021\/04\/textiles-rumbo-pack-texti-sanitario-cama-01.jpg","type":"image\/jpeg"}],"author":"admin_rumbo","twitter_card":"summary_large_image","twitter_creator":"@IberosaTextiles","twitter_site":"@IberosaTextiles","schema":{"@context":"https:\/\/schema.org","@graph":[{"@type":"Article","@id":"https:\/\/www.iberosa.com\/fr\/pack-textile-sanitaire-pour-lit\/#article","isPartOf":{"@id":"https:\/\/www.iberosa.com\/fr\/pack-textile-sanitaire-pour-lit\/"},"author":{"name":"admin_rumbo","@id":"https:\/\/www.iberosa.com\/fr\/#\/schema\/person\/7fde146850fdfb237cc788ba43c93b9c"},"headline":"Pack textile sanitaire pour lit","datePublished":"2021-04-15T09:13:51+00:00","dateModified":"2021-05-04T09:39:51+00:00","mainEntityOfPage":{"@id":"https:\/\/www.iberosa.com\/fr\/pack-textile-sanitaire-pour-lit\/"},"wordCount":592,"publisher":{"@id":"https:\/\/www.iberosa.com\/fr\/#organization"},"image":{"@id":"https:\/\/www.iberosa.com\/fr\/pack-textile-sanitaire-pour-lit\/#primaryimage"},"thumbnailUrl":"https:\/\/www.iberosa.com\/wp-content\/uploads\/2021\/04\/textiles-rumbo-pack-texti-sanitario-cama-01.jpg","inLanguage":"fr-FR"},{"@type":"WebPage","@id":"https:\/\/www.iberosa.com\/fr\/pack-textile-sanitaire-pour-lit\/","url":"https:\/\/www.iberosa.com\/fr\/pack-textile-sanitaire-pour-lit\/","name":"Pack textile sanitaire pour lit","isPartOf":{"@id":"https:\/\/www.iberosa.com\/fr\/#website"},"primaryImageOfPage":{"@id":"https:\/\/www.iberosa.com\/fr\/pack-textile-sanitaire-pour-lit\/#primaryimage"},"image":{"@id":"https:\/\/www.iberosa.com\/fr\/pack-textile-sanitaire-pour-lit\/#primaryimage"},"thumbnailUrl":"https:\/\/www.iberosa.com\/wp-content\/uploads\/2021\/04\/textiles-rumbo-pack-texti-sanitario-cama-01.jpg","datePublished":"2021-04-15T09:13:51+00:00","dateModified":"2021-05-04T09:39:51+00:00","breadcrumb":{"@id":"https:\/\/www.iberosa.com\/fr\/pack-textile-sanitaire-pour-lit\/#breadcrumb"},"inLanguage":"fr-FR","potentialAction":[{"@type":"ReadAction","target":["https:\/\/www.iberosa.com\/fr\/pack-textile-sanitaire-pour-lit\/"]}]},{"@type":"ImageObject","inLanguage":"fr-FR","@id":"https:\/\/www.iberosa.com\/fr\/pack-textile-sanitaire-pour-lit\/#primaryimage","url":"https:\/\/www.iberosa.com\/wp-content\/uploads\/2021\/04\/textiles-rumbo-pack-texti-sanitario-cama-01.jpg","contentUrl":"https:\/\/www.iberosa.com\/wp-content\/uploads\/2021\/04\/textiles-rumbo-pack-texti-sanitario-cama-01.jpg","width":1000,"height":648},{"@type":"BreadcrumbList","@id":"https:\/\/www.iberosa.com\/fr\/pack-textile-sanitaire-pour-lit\/#breadcrumb","itemListElement":[{"@type":"ListItem","position":1,"name":"Accueil","item":"https:\/\/www.iberosa.com\/fr\/"},{"@type":"ListItem","position":2,"name":"Pack textile sanitaire pour lit"}]},{"@type":"WebSite","@id":"https:\/\/www.iberosa.com\/fr\/#website","url":"https:\/\/www.iberosa.com\/fr\/","name":"Iberosa - Iberoamericana de hilados y tejidos, SL","description":"Especializados en textil para hosteler\u00eda y sanidad","publisher":{"@id":"https:\/\/www.iberosa.com\/fr\/#organization"},"potentialAction":[{"@type":"SearchAction","target":{"@type":"EntryPoint","urlTemplate":"https:\/\/www.iberosa.com\/fr\/?s={search_term_string}"},"query-input":{"@type":"PropertyValueSpecification","valueRequired":true,"valueName":"search_term_string"}}],"inLanguage":"fr-FR"},{"@type":"Organization","@id":"https:\/\/www.iberosa.com\/fr\/#organization","name":"Iberosa - Iberoamericana de hilados y tejidos, SL","url":"https:\/\/www.iberosa.com\/fr\/","logo":{"@type":"ImageObject","inLanguage":"fr-FR","@id":"https:\/\/www.iberosa.com\/fr\/#\/schema\/logo\/image\/","url":"https:\/\/www.iberosa.com\/wp-content\/uploads\/2019\/11\/logo-iberosa-web-2021.png","contentUrl":"https:\/\/www.iberosa.com\/wp-content\/uploads\/2019\/11\/logo-iberosa-web-2021.png","width":276,"height":45,"caption":"Iberosa - Iberoamericana de hilados y tejidos, SL"},"image":{"@id":"https:\/\/www.iberosa.com\/fr\/#\/schema\/logo\/image\/"},"sameAs":["https:\/\/www.facebook.com\/iberosatextiles","https:\/\/x.com\/IberosaTextiles","https:\/\/www.linkedin.com\/company\/iberosa-textiles"]},{"@type":"Person","@id":"https:\/\/www.iberosa.com\/fr\/#\/schema\/person\/7fde146850fdfb237cc788ba43c93b9c","name":"admin_rumbo","image":{"@type":"ImageObject","inLanguage":"fr-FR","@id":"https:\/\/secure.gravatar.com\/avatar\/31cfed26ea3f5b11101034c35da9feb8d5c72a2da3d6f6bccb9b6f6819b6b63d?s=96&d=mm&r=g","url":"https:\/\/secure.gravatar.com\/avatar\/31cfed26ea3f5b11101034c35da9feb8d5c72a2da3d6f6bccb9b6f6819b6b63d?s=96&d=mm&r=g","contentUrl":"https:\/\/secure.gravatar.com\/avatar\/31cfed26ea3f5b11101034c35da9feb8d5c72a2da3d6f6bccb9b6f6819b6b63d?s=96&d=mm&r=g","caption":"admin_rumbo"},"url":"https:\/\/www.iberosa.com\/fr\/author\/admin_rumbo\/"}]}},"_links":{"self":[{"href":"https:\/\/www.iberosa.com\/fr\/wp-json\/wp\/v2\/posts\/5025","targetHints":{"allow":["GET"]}}],"collection":[{"href":"https:\/\/www.iberosa.com\/fr\/wp-json\/wp\/v2\/posts"}],"about":[{"href":"https:\/\/www.iberosa.com\/fr\/wp-json\/wp\/v2\/types\/post"}],"author":[{"embeddable":true,"href":"https:\/\/www.iberosa.com\/fr\/wp-json\/wp\/v2\/users\/1"}],"replies":[{"embeddable":true,"href":"https:\/\/www.iberosa.com\/fr\/wp-json\/wp\/v2\/comments?post=5025"}],"version-history":[{"count":3,"href":"https:\/\/www.iberosa.com\/fr\/wp-json\/wp\/v2\/posts\/5025\/revisions"}],"predecessor-version":[{"id":5085,"href":"https:\/\/www.iberosa.com\/fr\/wp-json\/wp\/v2\/posts\/5025\/revisions\/5085"}],"wp:featuredmedia":[{"embeddable":true,"href":"https:\/\/www.iberosa.com\/fr\/wp-json\/wp\/v2\/media\/4989"}],"wp:attachment":[{"href":"https:\/\/www.iberosa.com\/fr\/wp-json\/wp\/v2\/media?parent=5025"}],"wp:term":[{"taxonomy":"category","embeddable":true,"href":"https:\/\/www.iberosa.com\/fr\/wp-json\/wp\/v2\/categories?post=5025"},{"taxonomy":"post_tag","embeddable":true,"href":"https:\/\/www.iberosa.com\/fr\/wp-json\/wp\/v2\/tags?post=5025"}],"curies":[{"name":"wp","href":"https:\/\/api.w.org\/{rel}","templated":true}]}}