{"id":5033,"date":"2021-03-15T12:00:21","date_gmt":"2021-03-15T11:00:21","guid":{"rendered":"https:\/\/www.iberosa.com\/textiles-rumbo-au-iieme-congres-pour-la-dependance-et-la-sante-by-alimarket\/"},"modified":"2021-05-04T11:40:14","modified_gmt":"2021-05-04T09:40:14","slug":"textiles-rumbo-au-iieme-congres-pour-la-dependance-et-la-sante-by-alimarket","status":"publish","type":"post","link":"https:\/\/www.iberosa.com\/fr\/textiles-rumbo-au-iieme-congres-pour-la-dependance-et-la-sante-by-alimarket\/","title":{"rendered":"TEXTILES RUMBO au II\u00e8me Congr\u00e8s pour la D\u00e9pendance et la Sant\u00e9 by Alimarket"},"content":{"rendered":"<p>Obtenez votre invitation avec le code 23GJP dans le lien ci-dessous et rejoignez-nous pour contribuer \u00e0 la relance du secteur.<\/p>\n<p><strong><a href=\"https:\/\/hip.ticketsnebext.com\/HIP2021\/es\/register\/registerpage\/visitante?InvitationGuid=0c710a92-7bc2-4bc0-9305-45b1d64a1027\" target=\"_blank\" rel=\"noopener\">Obtenir invitation<\/a><\/strong><\/p>\n<p><img fetchpriority=\"high\" decoding=\"async\" class=\"alignnone size-full wp-image-4858\" src=\"https:\/\/www.iberosa.com\/wp-content\/uploads\/2021\/03\/congreso-dependencia-salud-logo.jpg\" alt=\"\" width=\"1000\" height=\"600\" srcset=\"https:\/\/www.iberosa.com\/wp-content\/uploads\/2021\/03\/congreso-dependencia-salud-logo.jpg 1000w, https:\/\/www.iberosa.com\/wp-content\/uploads\/2021\/03\/congreso-dependencia-salud-logo-300x180.jpg 300w, https:\/\/www.iberosa.com\/wp-content\/uploads\/2021\/03\/congreso-dependencia-salud-logo-768x461.jpg 768w\" sizes=\"(max-width: 1000px) 100vw, 1000px\" \/><\/p>\n<h2>Le Congr\u00e8s<\/h2>\n<p>Le II\u00e8me Congr\u00e8s national sur la d\u00e9pendance et les soins de sant\u00e9 fait partie de HIP &#8211; Hospitality Innovation Planet-, le salon de r\u00e9f\u00e9rence pour l&rsquo;innovation dans la fili\u00e8re HORECA, et se tiendra les 22, 23 et 24 mars \u00e0 IFEMA-Madrid.<\/p>\n<p>Cet \u00e9v\u00e9nement est organis\u00e9 par Alimarket, la soci\u00e9t\u00e9 d&rsquo;information de r\u00e9f\u00e9rence dans le secteur de la sant\u00e9.<\/p>\n<p>Apr\u00e8s le succ\u00e8s de la premi\u00e8re \u00e9dition, cette ann\u00e9e revient avec plus de force sous le slogan Construire ensemble un nouvel avenir &#8211; Strat\u00e9gies pour faciliter l&rsquo;adaptation du secteur aux exigences de la nouvelle r\u00e9alit\u00e9, dans le but de collaborer entre les diff\u00e9rents professionnels du secteur \u00e0 la r\u00e9cup\u00e9ration de celui-ci, puisque, malgr\u00e9 la crise, les investissements sont toujours en plein essor.<\/p>\n<p>Nous sommes conscients que le secteur de l&rsquo;aide aux personnes d\u00e9pendantes a \u00e9t\u00e9 l&rsquo;un des groupes les plus touch\u00e9s par la pand\u00e9mie. Il s&rsquo;agit donc d&rsquo;un \u00e9v\u00e9nement essentiel pour analyser ce qui s&rsquo;est pass\u00e9 l&rsquo;ann\u00e9e derni\u00e8re et pour tirer et partager les conclusions et les le\u00e7ons apprises pour l&rsquo;avenir.<\/p>\n<h2>Pr\u00e9sence de textiles Rumbo<\/h2>\n<p>Textiles Rumbo, comme elle le fait depuis sa cr\u00e9ation en 1950, veut r\u00e9affirmer son engagement dans le secteur. L&rsquo;une de nos principales valeurs est de travailler avec honn\u00eatet\u00e9, professionnalisme et responsabilit\u00e9 sociale des entreprises, en offrant un service et des produits de qualit\u00e9 \u00e0 nos clients. C&rsquo;est pourquoi nous participerons au Congr\u00e8s, o\u00f9 nous pr\u00e9senterons nos produits et nouveaut\u00e9s sp\u00e9cialement con\u00e7us pour les h\u00f4pitaux, EHPAD et maisons de retraite.<\/p>\n<p>Vous nous trouverez au stand 3G704 situ\u00e9 dans le hall entre les pavillons 3 et 5 o\u00f9 nous serons ravis de recevoir votre visite.<\/p>\n<p>Juste en face de nous se trouve l&rsquo;espace sp\u00e9cialement con\u00e7u pour la \u00ab\u00a0Pause caf\u00e9\u00a0\u00bb, un espace o\u00f9 vous pouvez partager un caf\u00e9 avec nos visiteurs de mani\u00e8re plus d\u00e9tendue et proche.<\/p>\n<h2>Mesures de s\u00e9curit\u00e9 et d&rsquo;hygi\u00e8ne<\/h2>\n<p>Comme il ne pouvait en \u00eatre autrement, nous avons pris pour ce congr\u00e8s des mesures extr\u00eames de s\u00e9curit\u00e9 et d&rsquo;hygi\u00e8ne, en plus des mesures d\u00e9j\u00e0 efficaces dont dispose IFEMA-Madrid, afin que le congr\u00e8s se d\u00e9roule correctement, garantissant la s\u00e9curit\u00e9, le confort et la commodit\u00e9 de tous les participants.<\/p>\n<p>Ces mesures ont \u00e9t\u00e9 con\u00e7ues conform\u00e9ment aux recommandations des autorit\u00e9s sanitaires, du minist\u00e8re de la sant\u00e9 et de l&rsquo;OMS et en collaboration avec l&rsquo;Union internationale des foires commerciales.<\/p>\n<p>De plus, nous b\u00e9n\u00e9ficions d&rsquo;un emplacement privil\u00e9gi\u00e9 \u00e0 proximit\u00e9 de l&rsquo;entr\u00e9e principale du Congr\u00e8s, dans un grand espace tr\u00e8s bien ventil\u00e9.<\/p>\n<p><img decoding=\"async\" class=\"alignnone size-full wp-image-4864\" src=\"https:\/\/www.iberosa.com\/wp-content\/uploads\/2021\/03\/congreso-dependencia-salud-seguridad.jpg\" alt=\"\" width=\"1000\" height=\"448\" srcset=\"https:\/\/www.iberosa.com\/wp-content\/uploads\/2021\/03\/congreso-dependencia-salud-seguridad.jpg 1000w, https:\/\/www.iberosa.com\/wp-content\/uploads\/2021\/03\/congreso-dependencia-salud-seguridad-300x134.jpg 300w, https:\/\/www.iberosa.com\/wp-content\/uploads\/2021\/03\/congreso-dependencia-salud-seguridad-768x344.jpg 768w\" sizes=\"(max-width: 1000px) 100vw, 1000px\" \/><\/p>\n<h2>IFEMA<\/h2>\n<p>L&rsquo;IFEMA-Feria de Madrid est le Parc d\u2019Expositions Commercial r\u00e9compens\u00e9 par le World MICE Award, qui le reconna\u00eet comme le meilleur centre de convention au monde.<\/p>\n<p>Il dispose de tous les services et commodit\u00e9s n\u00e9cessaires pour que votre visite soit agr\u00e9able, s\u00fbre et satisfaisante.<\/p>\n<p>Le lieu est situ\u00e9 \u00e0 seulement 10 minutes de l&rsquo;a\u00e9roport Adolfo Su\u00e1rez de Madrid-Barajas et est reli\u00e9 par route aux principales voies d&rsquo;acc\u00e8s et au p\u00e9riph\u00e9rique de Madrid, ce qui le rend facilement accessible en v\u00e9hicule priv\u00e9 ou en transports publics.<\/p>\n<h2>Comment venir ici?<\/h2>\n<p><strong>En v\u00e9hicule priv\u00e9:<\/strong><\/p>\n<ul>\n<li>M11 (sorties 5 et 7)<\/li>\n<li>M40 (sorties 5, 6 et 7)<\/li>\n<li>A2 (sortie 7)<\/li>\n<li>Les entr\u00e9es Sud, Nord et Est du centre d&rsquo;exposition permettent d&rsquo;acc\u00e9der directement aux diff\u00e9rentes zones de stationnement.<\/li>\n<\/ul>\n<p><strong>En taxi:<\/strong><\/p>\n<ul>\n<li>Arr\u00eats aux portes Sud, Nord et Est du site.<\/li>\n<\/ul>\n<p><strong>En bus:<\/strong><\/p>\n<ul>\n<li>Ligne 73 &#8211; Diego de Le\u00f3n &#8211; Feria de Madrid<\/li>\n<li>Ligne 112 &#8211; Mar de Cristal &#8211; Feria de Madrid &#8211; Quartier de l&rsquo;a\u00e9roport<\/li>\n<li>Ligne 122 &#8211; Avda. de Am\u00e9rica &#8211; Campo de las Naciones &#8211; Feria de Madrid<\/li>\n<li>Ligne 828 &#8211; Universidad Aut\u00f3noma &#8211; Alcobendas &#8211; Canillejas &#8211; Feria de Madrid<\/li>\n<\/ul>\n<p><strong>En m\u00e9tro:<\/strong><\/p>\n<ul>\n<li>La station la plus proche est la Feria de Madrid &#8211; Ligne 8, dont la sortie m\u00e8ne \u00e0 l&rsquo;entr\u00e9e sud du lieu.<\/li>\n<\/ul>\n<p><strong>Par le train de banlieue RENFE:<\/strong><\/p>\n<ul>\n<li>Depuis la station Nuevos Ministerios, il existe une connexion directe avec la ligne 8 du m\u00e9tro.<\/li>\n<\/ul>\n<p><strong><em>Nous nous r\u00e9jouissons de votre visite!<\/em><\/strong><\/p>\n","protected":false},"excerpt":{"rendered":"<p>La c\u00e9l\u00e9bration du II\u00e8me Congr\u00e8s National de la D\u00e9pendance et de la Sant\u00e9 par Alimarket approche et  Textiles Rumbo y participera. Nous voulons ainsi r\u00e9affirmer notre confiance et notre engagement envers le secteur social et sanitaire, l&rsquo;un des plus durement touch\u00e9s par la crise sanitaire que nous subissons.<\/p>\n","protected":false},"author":1,"featured_media":4681,"comment_status":"closed","ping_status":"closed","sticky":false,"template":"","format":"standard","meta":{"_acf_changed":false,"footnotes":""},"categories":[],"tags":[],"class_list":["post-5033","post","type-post","status-publish","format-standard","has-post-thumbnail","hentry"],"acf":[],"yoast_head":"<!-- This site is optimized with the Yoast SEO plugin v27.3 - https:\/\/yoast.com\/product\/yoast-seo-wordpress\/ -->\n<title>TEXTILES RUMBO au II\u00e8me Congr\u00e8s pour la D\u00e9pendance et la Sant\u00e9 by Alimarket<\/title>\n<meta name=\"robots\" content=\"index, follow, max-snippet:-1, max-image-preview:large, max-video-preview:-1\" \/>\n<link rel=\"canonical\" href=\"https:\/\/www.iberosa.com\/fr\/textiles-rumbo-au-iieme-congres-pour-la-dependance-et-la-sante-by-alimarket\/\" \/>\n<meta property=\"og:locale\" content=\"fr_FR\" \/>\n<meta property=\"og:type\" content=\"article\" \/>\n<meta property=\"og:title\" content=\"TEXTILES RUMBO au II\u00e8me Congr\u00e8s pour la D\u00e9pendance et la Sant\u00e9 by Alimarket\" \/>\n<meta property=\"og:description\" content=\"La c\u00e9l\u00e9bration du II\u00e8me Congr\u00e8s National de la D\u00e9pendance et de la Sant\u00e9 par Alimarket approche et Textiles Rumbo y participera. Nous voulons ainsi r\u00e9affirmer notre confiance et notre engagement envers le secteur social et sanitaire, l&#039;un des plus durement touch\u00e9s par la crise sanitaire que nous subissons.\" \/>\n<meta property=\"og:url\" content=\"https:\/\/www.iberosa.com\/fr\/textiles-rumbo-au-iieme-congres-pour-la-dependance-et-la-sante-by-alimarket\/\" \/>\n<meta property=\"og:site_name\" content=\"Iberosa - Iberoamericana de hilados y tejidos, SA\" \/>\n<meta property=\"article:publisher\" content=\"https:\/\/www.facebook.com\/iberosatextiles\" \/>\n<meta property=\"article:published_time\" content=\"2021-03-15T11:00:21+00:00\" \/>\n<meta property=\"article:modified_time\" content=\"2021-05-04T09:40:14+00:00\" \/>\n<meta property=\"og:image\" content=\"https:\/\/www.iberosa.com\/wp-content\/uploads\/2021\/03\/textiles-rumbo-congreso-dependencia-salud-madrid.jpg\" \/>\n\t<meta property=\"og:image:width\" content=\"1200\" \/>\n\t<meta property=\"og:image:height\" content=\"800\" \/>\n\t<meta property=\"og:image:type\" content=\"image\/jpeg\" \/>\n<meta name=\"author\" content=\"admin_rumbo\" \/>\n<meta name=\"twitter:card\" content=\"summary_large_image\" \/>\n<meta name=\"twitter:creator\" content=\"@IberosaTextiles\" \/>\n<meta name=\"twitter:site\" content=\"@IberosaTextiles\" \/>\n<script type=\"application\/ld+json\" class=\"yoast-schema-graph\">{\"@context\":\"https:\\\/\\\/schema.org\",\"@graph\":[{\"@type\":\"Article\",\"@id\":\"https:\\\/\\\/www.iberosa.com\\\/fr\\\/textiles-rumbo-au-iieme-congres-pour-la-dependance-et-la-sante-by-alimarket\\\/#article\",\"isPartOf\":{\"@id\":\"https:\\\/\\\/www.iberosa.com\\\/fr\\\/textiles-rumbo-au-iieme-congres-pour-la-dependance-et-la-sante-by-alimarket\\\/\"},\"author\":{\"name\":\"admin_rumbo\",\"@id\":\"https:\\\/\\\/www.iberosa.com\\\/fr\\\/#\\\/schema\\\/person\\\/7fde146850fdfb237cc788ba43c93b9c\"},\"headline\":\"TEXTILES RUMBO au II\u00e8me Congr\u00e8s pour la D\u00e9pendance et la Sant\u00e9 by Alimarket\",\"datePublished\":\"2021-03-15T11:00:21+00:00\",\"dateModified\":\"2021-05-04T09:40:14+00:00\",\"mainEntityOfPage\":{\"@id\":\"https:\\\/\\\/www.iberosa.com\\\/fr\\\/textiles-rumbo-au-iieme-congres-pour-la-dependance-et-la-sante-by-alimarket\\\/\"},\"wordCount\":766,\"publisher\":{\"@id\":\"https:\\\/\\\/www.iberosa.com\\\/fr\\\/#organization\"},\"image\":{\"@id\":\"https:\\\/\\\/www.iberosa.com\\\/fr\\\/textiles-rumbo-au-iieme-congres-pour-la-dependance-et-la-sante-by-alimarket\\\/#primaryimage\"},\"thumbnailUrl\":\"https:\\\/\\\/www.iberosa.com\\\/wp-content\\\/uploads\\\/2021\\\/03\\\/textiles-rumbo-congreso-dependencia-salud-madrid.jpg\",\"inLanguage\":\"fr-FR\"},{\"@type\":\"WebPage\",\"@id\":\"https:\\\/\\\/www.iberosa.com\\\/fr\\\/textiles-rumbo-au-iieme-congres-pour-la-dependance-et-la-sante-by-alimarket\\\/\",\"url\":\"https:\\\/\\\/www.iberosa.com\\\/fr\\\/textiles-rumbo-au-iieme-congres-pour-la-dependance-et-la-sante-by-alimarket\\\/\",\"name\":\"TEXTILES RUMBO au II\u00e8me Congr\u00e8s pour la D\u00e9pendance et la Sant\u00e9 by Alimarket\",\"isPartOf\":{\"@id\":\"https:\\\/\\\/www.iberosa.com\\\/fr\\\/#website\"},\"primaryImageOfPage\":{\"@id\":\"https:\\\/\\\/www.iberosa.com\\\/fr\\\/textiles-rumbo-au-iieme-congres-pour-la-dependance-et-la-sante-by-alimarket\\\/#primaryimage\"},\"image\":{\"@id\":\"https:\\\/\\\/www.iberosa.com\\\/fr\\\/textiles-rumbo-au-iieme-congres-pour-la-dependance-et-la-sante-by-alimarket\\\/#primaryimage\"},\"thumbnailUrl\":\"https:\\\/\\\/www.iberosa.com\\\/wp-content\\\/uploads\\\/2021\\\/03\\\/textiles-rumbo-congreso-dependencia-salud-madrid.jpg\",\"datePublished\":\"2021-03-15T11:00:21+00:00\",\"dateModified\":\"2021-05-04T09:40:14+00:00\",\"breadcrumb\":{\"@id\":\"https:\\\/\\\/www.iberosa.com\\\/fr\\\/textiles-rumbo-au-iieme-congres-pour-la-dependance-et-la-sante-by-alimarket\\\/#breadcrumb\"},\"inLanguage\":\"fr-FR\",\"potentialAction\":[{\"@type\":\"ReadAction\",\"target\":[\"https:\\\/\\\/www.iberosa.com\\\/fr\\\/textiles-rumbo-au-iieme-congres-pour-la-dependance-et-la-sante-by-alimarket\\\/\"]}]},{\"@type\":\"ImageObject\",\"inLanguage\":\"fr-FR\",\"@id\":\"https:\\\/\\\/www.iberosa.com\\\/fr\\\/textiles-rumbo-au-iieme-congres-pour-la-dependance-et-la-sante-by-alimarket\\\/#primaryimage\",\"url\":\"https:\\\/\\\/www.iberosa.com\\\/wp-content\\\/uploads\\\/2021\\\/03\\\/textiles-rumbo-congreso-dependencia-salud-madrid.jpg\",\"contentUrl\":\"https:\\\/\\\/www.iberosa.com\\\/wp-content\\\/uploads\\\/2021\\\/03\\\/textiles-rumbo-congreso-dependencia-salud-madrid.jpg\",\"width\":1200,\"height\":800},{\"@type\":\"BreadcrumbList\",\"@id\":\"https:\\\/\\\/www.iberosa.com\\\/fr\\\/textiles-rumbo-au-iieme-congres-pour-la-dependance-et-la-sante-by-alimarket\\\/#breadcrumb\",\"itemListElement\":[{\"@type\":\"ListItem\",\"position\":1,\"name\":\"Accueil\",\"item\":\"https:\\\/\\\/www.iberosa.com\\\/fr\\\/\"},{\"@type\":\"ListItem\",\"position\":2,\"name\":\"TEXTILES RUMBO au II\u00e8me Congr\u00e8s pour la D\u00e9pendance et la Sant\u00e9 by Alimarket\"}]},{\"@type\":\"WebSite\",\"@id\":\"https:\\\/\\\/www.iberosa.com\\\/fr\\\/#website\",\"url\":\"https:\\\/\\\/www.iberosa.com\\\/fr\\\/\",\"name\":\"Iberosa - Iberoamericana de hilados y tejidos, SL\",\"description\":\"Especializados en textil para hosteler\u00eda y sanidad\",\"publisher\":{\"@id\":\"https:\\\/\\\/www.iberosa.com\\\/fr\\\/#organization\"},\"potentialAction\":[{\"@type\":\"SearchAction\",\"target\":{\"@type\":\"EntryPoint\",\"urlTemplate\":\"https:\\\/\\\/www.iberosa.com\\\/fr\\\/?s={search_term_string}\"},\"query-input\":{\"@type\":\"PropertyValueSpecification\",\"valueRequired\":true,\"valueName\":\"search_term_string\"}}],\"inLanguage\":\"fr-FR\"},{\"@type\":\"Organization\",\"@id\":\"https:\\\/\\\/www.iberosa.com\\\/fr\\\/#organization\",\"name\":\"Iberosa - Iberoamericana de hilados y tejidos, SL\",\"url\":\"https:\\\/\\\/www.iberosa.com\\\/fr\\\/\",\"logo\":{\"@type\":\"ImageObject\",\"inLanguage\":\"fr-FR\",\"@id\":\"https:\\\/\\\/www.iberosa.com\\\/fr\\\/#\\\/schema\\\/logo\\\/image\\\/\",\"url\":\"https:\\\/\\\/www.iberosa.com\\\/wp-content\\\/uploads\\\/2019\\\/11\\\/logo-iberosa-web-2021.png\",\"contentUrl\":\"https:\\\/\\\/www.iberosa.com\\\/wp-content\\\/uploads\\\/2019\\\/11\\\/logo-iberosa-web-2021.png\",\"width\":276,\"height\":45,\"caption\":\"Iberosa - Iberoamericana de hilados y tejidos, SL\"},\"image\":{\"@id\":\"https:\\\/\\\/www.iberosa.com\\\/fr\\\/#\\\/schema\\\/logo\\\/image\\\/\"},\"sameAs\":[\"https:\\\/\\\/www.facebook.com\\\/iberosatextiles\",\"https:\\\/\\\/x.com\\\/IberosaTextiles\",\"https:\\\/\\\/www.linkedin.com\\\/company\\\/iberosa-textiles\"]},{\"@type\":\"Person\",\"@id\":\"https:\\\/\\\/www.iberosa.com\\\/fr\\\/#\\\/schema\\\/person\\\/7fde146850fdfb237cc788ba43c93b9c\",\"name\":\"admin_rumbo\",\"image\":{\"@type\":\"ImageObject\",\"inLanguage\":\"fr-FR\",\"@id\":\"https:\\\/\\\/secure.gravatar.com\\\/avatar\\\/31cfed26ea3f5b11101034c35da9feb8d5c72a2da3d6f6bccb9b6f6819b6b63d?s=96&d=mm&r=g\",\"url\":\"https:\\\/\\\/secure.gravatar.com\\\/avatar\\\/31cfed26ea3f5b11101034c35da9feb8d5c72a2da3d6f6bccb9b6f6819b6b63d?s=96&d=mm&r=g\",\"contentUrl\":\"https:\\\/\\\/secure.gravatar.com\\\/avatar\\\/31cfed26ea3f5b11101034c35da9feb8d5c72a2da3d6f6bccb9b6f6819b6b63d?s=96&d=mm&r=g\",\"caption\":\"admin_rumbo\"},\"url\":\"https:\\\/\\\/www.iberosa.com\\\/fr\\\/author\\\/admin_rumbo\\\/\"}]}<\/script>\n<!-- \/ Yoast SEO plugin. -->","yoast_head_json":{"title":"TEXTILES RUMBO au II\u00e8me Congr\u00e8s pour la D\u00e9pendance et la Sant\u00e9 by Alimarket","robots":{"index":"index","follow":"follow","max-snippet":"max-snippet:-1","max-image-preview":"max-image-preview:large","max-video-preview":"max-video-preview:-1"},"canonical":"https:\/\/www.iberosa.com\/fr\/textiles-rumbo-au-iieme-congres-pour-la-dependance-et-la-sante-by-alimarket\/","og_locale":"fr_FR","og_type":"article","og_title":"TEXTILES RUMBO au II\u00e8me Congr\u00e8s pour la D\u00e9pendance et la Sant\u00e9 by Alimarket","og_description":"La c\u00e9l\u00e9bration du II\u00e8me Congr\u00e8s National de la D\u00e9pendance et de la Sant\u00e9 par Alimarket approche et Textiles Rumbo y participera. Nous voulons ainsi r\u00e9affirmer notre confiance et notre engagement envers le secteur social et sanitaire, l'un des plus durement touch\u00e9s par la crise sanitaire que nous subissons.","og_url":"https:\/\/www.iberosa.com\/fr\/textiles-rumbo-au-iieme-congres-pour-la-dependance-et-la-sante-by-alimarket\/","og_site_name":"Iberosa - Iberoamericana de hilados y tejidos, SA","article_publisher":"https:\/\/www.facebook.com\/iberosatextiles","article_published_time":"2021-03-15T11:00:21+00:00","article_modified_time":"2021-05-04T09:40:14+00:00","og_image":[{"width":1200,"height":800,"url":"https:\/\/www.iberosa.com\/wp-content\/uploads\/2021\/03\/textiles-rumbo-congreso-dependencia-salud-madrid.jpg","type":"image\/jpeg"}],"author":"admin_rumbo","twitter_card":"summary_large_image","twitter_creator":"@IberosaTextiles","twitter_site":"@IberosaTextiles","schema":{"@context":"https:\/\/schema.org","@graph":[{"@type":"Article","@id":"https:\/\/www.iberosa.com\/fr\/textiles-rumbo-au-iieme-congres-pour-la-dependance-et-la-sante-by-alimarket\/#article","isPartOf":{"@id":"https:\/\/www.iberosa.com\/fr\/textiles-rumbo-au-iieme-congres-pour-la-dependance-et-la-sante-by-alimarket\/"},"author":{"name":"admin_rumbo","@id":"https:\/\/www.iberosa.com\/fr\/#\/schema\/person\/7fde146850fdfb237cc788ba43c93b9c"},"headline":"TEXTILES RUMBO au II\u00e8me Congr\u00e8s pour la D\u00e9pendance et la Sant\u00e9 by Alimarket","datePublished":"2021-03-15T11:00:21+00:00","dateModified":"2021-05-04T09:40:14+00:00","mainEntityOfPage":{"@id":"https:\/\/www.iberosa.com\/fr\/textiles-rumbo-au-iieme-congres-pour-la-dependance-et-la-sante-by-alimarket\/"},"wordCount":766,"publisher":{"@id":"https:\/\/www.iberosa.com\/fr\/#organization"},"image":{"@id":"https:\/\/www.iberosa.com\/fr\/textiles-rumbo-au-iieme-congres-pour-la-dependance-et-la-sante-by-alimarket\/#primaryimage"},"thumbnailUrl":"https:\/\/www.iberosa.com\/wp-content\/uploads\/2021\/03\/textiles-rumbo-congreso-dependencia-salud-madrid.jpg","inLanguage":"fr-FR"},{"@type":"WebPage","@id":"https:\/\/www.iberosa.com\/fr\/textiles-rumbo-au-iieme-congres-pour-la-dependance-et-la-sante-by-alimarket\/","url":"https:\/\/www.iberosa.com\/fr\/textiles-rumbo-au-iieme-congres-pour-la-dependance-et-la-sante-by-alimarket\/","name":"TEXTILES RUMBO au II\u00e8me Congr\u00e8s pour la D\u00e9pendance et la Sant\u00e9 by Alimarket","isPartOf":{"@id":"https:\/\/www.iberosa.com\/fr\/#website"},"primaryImageOfPage":{"@id":"https:\/\/www.iberosa.com\/fr\/textiles-rumbo-au-iieme-congres-pour-la-dependance-et-la-sante-by-alimarket\/#primaryimage"},"image":{"@id":"https:\/\/www.iberosa.com\/fr\/textiles-rumbo-au-iieme-congres-pour-la-dependance-et-la-sante-by-alimarket\/#primaryimage"},"thumbnailUrl":"https:\/\/www.iberosa.com\/wp-content\/uploads\/2021\/03\/textiles-rumbo-congreso-dependencia-salud-madrid.jpg","datePublished":"2021-03-15T11:00:21+00:00","dateModified":"2021-05-04T09:40:14+00:00","breadcrumb":{"@id":"https:\/\/www.iberosa.com\/fr\/textiles-rumbo-au-iieme-congres-pour-la-dependance-et-la-sante-by-alimarket\/#breadcrumb"},"inLanguage":"fr-FR","potentialAction":[{"@type":"ReadAction","target":["https:\/\/www.iberosa.com\/fr\/textiles-rumbo-au-iieme-congres-pour-la-dependance-et-la-sante-by-alimarket\/"]}]},{"@type":"ImageObject","inLanguage":"fr-FR","@id":"https:\/\/www.iberosa.com\/fr\/textiles-rumbo-au-iieme-congres-pour-la-dependance-et-la-sante-by-alimarket\/#primaryimage","url":"https:\/\/www.iberosa.com\/wp-content\/uploads\/2021\/03\/textiles-rumbo-congreso-dependencia-salud-madrid.jpg","contentUrl":"https:\/\/www.iberosa.com\/wp-content\/uploads\/2021\/03\/textiles-rumbo-congreso-dependencia-salud-madrid.jpg","width":1200,"height":800},{"@type":"BreadcrumbList","@id":"https:\/\/www.iberosa.com\/fr\/textiles-rumbo-au-iieme-congres-pour-la-dependance-et-la-sante-by-alimarket\/#breadcrumb","itemListElement":[{"@type":"ListItem","position":1,"name":"Accueil","item":"https:\/\/www.iberosa.com\/fr\/"},{"@type":"ListItem","position":2,"name":"TEXTILES RUMBO au II\u00e8me Congr\u00e8s pour la D\u00e9pendance et la Sant\u00e9 by Alimarket"}]},{"@type":"WebSite","@id":"https:\/\/www.iberosa.com\/fr\/#website","url":"https:\/\/www.iberosa.com\/fr\/","name":"Iberosa - Iberoamericana de hilados y tejidos, SL","description":"Especializados en textil para hosteler\u00eda y sanidad","publisher":{"@id":"https:\/\/www.iberosa.com\/fr\/#organization"},"potentialAction":[{"@type":"SearchAction","target":{"@type":"EntryPoint","urlTemplate":"https:\/\/www.iberosa.com\/fr\/?s={search_term_string}"},"query-input":{"@type":"PropertyValueSpecification","valueRequired":true,"valueName":"search_term_string"}}],"inLanguage":"fr-FR"},{"@type":"Organization","@id":"https:\/\/www.iberosa.com\/fr\/#organization","name":"Iberosa - Iberoamericana de hilados y tejidos, SL","url":"https:\/\/www.iberosa.com\/fr\/","logo":{"@type":"ImageObject","inLanguage":"fr-FR","@id":"https:\/\/www.iberosa.com\/fr\/#\/schema\/logo\/image\/","url":"https:\/\/www.iberosa.com\/wp-content\/uploads\/2019\/11\/logo-iberosa-web-2021.png","contentUrl":"https:\/\/www.iberosa.com\/wp-content\/uploads\/2019\/11\/logo-iberosa-web-2021.png","width":276,"height":45,"caption":"Iberosa - Iberoamericana de hilados y tejidos, SL"},"image":{"@id":"https:\/\/www.iberosa.com\/fr\/#\/schema\/logo\/image\/"},"sameAs":["https:\/\/www.facebook.com\/iberosatextiles","https:\/\/x.com\/IberosaTextiles","https:\/\/www.linkedin.com\/company\/iberosa-textiles"]},{"@type":"Person","@id":"https:\/\/www.iberosa.com\/fr\/#\/schema\/person\/7fde146850fdfb237cc788ba43c93b9c","name":"admin_rumbo","image":{"@type":"ImageObject","inLanguage":"fr-FR","@id":"https:\/\/secure.gravatar.com\/avatar\/31cfed26ea3f5b11101034c35da9feb8d5c72a2da3d6f6bccb9b6f6819b6b63d?s=96&d=mm&r=g","url":"https:\/\/secure.gravatar.com\/avatar\/31cfed26ea3f5b11101034c35da9feb8d5c72a2da3d6f6bccb9b6f6819b6b63d?s=96&d=mm&r=g","contentUrl":"https:\/\/secure.gravatar.com\/avatar\/31cfed26ea3f5b11101034c35da9feb8d5c72a2da3d6f6bccb9b6f6819b6b63d?s=96&d=mm&r=g","caption":"admin_rumbo"},"url":"https:\/\/www.iberosa.com\/fr\/author\/admin_rumbo\/"}]}},"_links":{"self":[{"href":"https:\/\/www.iberosa.com\/fr\/wp-json\/wp\/v2\/posts\/5033","targetHints":{"allow":["GET"]}}],"collection":[{"href":"https:\/\/www.iberosa.com\/fr\/wp-json\/wp\/v2\/posts"}],"about":[{"href":"https:\/\/www.iberosa.com\/fr\/wp-json\/wp\/v2\/types\/post"}],"author":[{"embeddable":true,"href":"https:\/\/www.iberosa.com\/fr\/wp-json\/wp\/v2\/users\/1"}],"replies":[{"embeddable":true,"href":"https:\/\/www.iberosa.com\/fr\/wp-json\/wp\/v2\/comments?post=5033"}],"version-history":[{"count":3,"href":"https:\/\/www.iberosa.com\/fr\/wp-json\/wp\/v2\/posts\/5033\/revisions"}],"predecessor-version":[{"id":5087,"href":"https:\/\/www.iberosa.com\/fr\/wp-json\/wp\/v2\/posts\/5033\/revisions\/5087"}],"wp:featuredmedia":[{"embeddable":true,"href":"https:\/\/www.iberosa.com\/fr\/wp-json\/wp\/v2\/media\/4681"}],"wp:attachment":[{"href":"https:\/\/www.iberosa.com\/fr\/wp-json\/wp\/v2\/media?parent=5033"}],"wp:term":[{"taxonomy":"category","embeddable":true,"href":"https:\/\/www.iberosa.com\/fr\/wp-json\/wp\/v2\/categories?post=5033"},{"taxonomy":"post_tag","embeddable":true,"href":"https:\/\/www.iberosa.com\/fr\/wp-json\/wp\/v2\/tags?post=5033"}],"curies":[{"name":"wp","href":"https:\/\/api.w.org\/{rel}","templated":true}]}}