{"id":5036,"date":"2021-03-31T12:07:16","date_gmt":"2021-03-31T10:07:16","guid":{"rendered":"https:\/\/www.iberosa.com\/grand-succes-au-iieme-congres-nationale-de-dependance-et-sante-by-alimarket\/"},"modified":"2021-05-04T11:40:00","modified_gmt":"2021-05-04T09:40:00","slug":"grand-succes-au-iieme-congres-nationale-de-dependance-et-sante-by-alimarket","status":"publish","type":"post","link":"https:\/\/www.iberosa.com\/fr\/grand-succes-au-iieme-congres-nationale-de-dependance-et-sante-by-alimarket\/","title":{"rendered":"Grand succ\u00e8s au II\u00e8me Congr\u00e8s Nationale de D\u00e9pendance et Sant\u00e9 by Alimarket"},"content":{"rendered":"<p>Nous remercions vivement \u00e0 tous ceux qui sont venus nous rendre visite! Ce fut un immense plaisir de pouvoir vous saluer en personne et d&rsquo;\u00e9changer des opinions.<\/p>\n<p>Dans cette \u00e9dition, \u00e0 laquelle Textiles Rumbo a particip\u00e9 en tant que Silver Partner, nous avons pu partager cet \u00e9v\u00e9nement avec plus de 300 exposants. L&rsquo;un des principaux sujets abord\u00e9s \u00e9tait la feuille de route pour la reprise post-Covid.<\/p>\n<p>Ces journ\u00e9es ont \u00e9t\u00e9 un jalon international dans le secteur puisque HIP, l&rsquo;\u00e9v\u00e9nement dans lequel le Congr\u00e8s est inclus, est devenu le premier salon professionnel en Europe qui se tient en 2021; \u00e9tant \u00e9galement le premier \u00e0 se tenir \u00e0 l&rsquo;IFEMA apr\u00e8s plus d&rsquo;un an sans activit\u00e9 de salon.<\/p>\n<p><img fetchpriority=\"high\" decoding=\"async\" class=\"alignnone size-full wp-image-4964\" src=\"https:\/\/www.iberosa.com\/wp-content\/uploads\/2021\/03\/iberosa-textiles-rumbo-congreso-dependencia-y-anidad-alimarket-01.jpg\" alt=\"\" width=\"990\" height=\"626\" srcset=\"https:\/\/www.iberosa.com\/wp-content\/uploads\/2021\/03\/iberosa-textiles-rumbo-congreso-dependencia-y-anidad-alimarket-01.jpg 990w, https:\/\/www.iberosa.com\/wp-content\/uploads\/2021\/03\/iberosa-textiles-rumbo-congreso-dependencia-y-anidad-alimarket-01-300x190.jpg 300w, https:\/\/www.iberosa.com\/wp-content\/uploads\/2021\/03\/iberosa-textiles-rumbo-congreso-dependencia-y-anidad-alimarket-01-768x486.jpg 768w\" sizes=\"(max-width: 990px) 100vw, 990px\" \/><\/p>\n<p>En outre, il laisse un impact \u00e9conomique de 23 millions d&rsquo;euros dans la ville de Madrid.<\/p>\n<p>Cela d\u00e9montre qu&rsquo;en respectant toutes les mesures n\u00e9cessaires, ces \u00e9v\u00e9nements, qui sont essentiels \u00e0 la reprise \u00e9conomique et \u00e0 l&rsquo;activit\u00e9 des entreprises, peuvent \u00eatre organis\u00e9s en toute s\u00e9curit\u00e9.<\/p>\n<p>Cette \u00e9dition a fait figure d&rsquo;exemple car des protocoles stricts ont \u00e9t\u00e9 suivis, allant au-del\u00e0 de ceux recommand\u00e9s par les autorit\u00e9s sanitaires.<\/p>\n<p>De la part de Textiles Rumbo, nous tenons \u00e0 remercier l&rsquo;organisation et l&rsquo;IFEMA pour la surveillance constante du respect de ces mesures, ainsi que pour l&rsquo;aide et la proximit\u00e9 dont ils ont fait preuve \u00e0 tout moment. Nous y reviendrons!<\/p>\n","protected":false},"excerpt":{"rendered":"<p>Nous entamons P\u00e2ques avec satisfaction apr\u00e8s le succ\u00e8s du dernier Congr\u00e8s national sur la d\u00e9pendance et la sant\u00e9, un \u00e9v\u00e9nement qui est devenu le point de rencontre de r\u00e9f\u00e9rence du secteur g\u00e9rontologique.<\/p>\n","protected":false},"author":1,"featured_media":4967,"comment_status":"closed","ping_status":"closed","sticky":false,"template":"","format":"standard","meta":{"_acf_changed":false,"footnotes":""},"categories":[224],"tags":[],"class_list":["post-5036","post","type-post","status-publish","format-standard","has-post-thumbnail","hentry","category-informations"],"acf":[],"yoast_head":"<!-- This site is optimized with the Yoast SEO plugin v27.3 - https:\/\/yoast.com\/product\/yoast-seo-wordpress\/ -->\n<title>Grand succ\u00e8s au II\u00e8me Congr\u00e8s Nationale de D\u00e9pendance et Sant\u00e9 by Alimarket<\/title>\n<meta name=\"robots\" content=\"index, follow, max-snippet:-1, max-image-preview:large, max-video-preview:-1\" \/>\n<link rel=\"canonical\" href=\"https:\/\/www.iberosa.com\/fr\/grand-succes-au-iieme-congres-nationale-de-dependance-et-sante-by-alimarket\/\" \/>\n<meta property=\"og:locale\" content=\"fr_FR\" \/>\n<meta property=\"og:type\" content=\"article\" \/>\n<meta property=\"og:title\" content=\"Grand succ\u00e8s au II\u00e8me Congr\u00e8s Nationale de D\u00e9pendance et Sant\u00e9 by Alimarket\" \/>\n<meta property=\"og:description\" content=\"Nous entamons P\u00e2ques avec satisfaction apr\u00e8s le succ\u00e8s du dernier Congr\u00e8s national sur la d\u00e9pendance et la sant\u00e9, un \u00e9v\u00e9nement qui est devenu le point de rencontre de r\u00e9f\u00e9rence du secteur g\u00e9rontologique.\" \/>\n<meta property=\"og:url\" content=\"https:\/\/www.iberosa.com\/fr\/grand-succes-au-iieme-congres-nationale-de-dependance-et-sante-by-alimarket\/\" \/>\n<meta property=\"og:site_name\" content=\"Iberosa - Iberoamericana de hilados y tejidos, SA\" \/>\n<meta property=\"article:publisher\" content=\"https:\/\/www.facebook.com\/iberosatextiles\" \/>\n<meta property=\"article:published_time\" content=\"2021-03-31T10:07:16+00:00\" \/>\n<meta property=\"article:modified_time\" content=\"2021-05-04T09:40:00+00:00\" \/>\n<meta property=\"og:image\" content=\"https:\/\/www.iberosa.com\/wp-content\/uploads\/2021\/03\/iberosa-textiles-rumbo-congreso-dependencia-y-anidad-alimarket-02.jpg\" \/>\n\t<meta property=\"og:image:width\" content=\"990\" \/>\n\t<meta property=\"og:image:height\" content=\"558\" \/>\n\t<meta property=\"og:image:type\" content=\"image\/jpeg\" \/>\n<meta name=\"author\" content=\"admin_rumbo\" \/>\n<meta name=\"twitter:card\" content=\"summary_large_image\" \/>\n<meta name=\"twitter:creator\" content=\"@IberosaTextiles\" \/>\n<meta name=\"twitter:site\" content=\"@IberosaTextiles\" \/>\n<script type=\"application\/ld+json\" class=\"yoast-schema-graph\">{\"@context\":\"https:\\\/\\\/schema.org\",\"@graph\":[{\"@type\":\"Article\",\"@id\":\"https:\\\/\\\/www.iberosa.com\\\/fr\\\/grand-succes-au-iieme-congres-nationale-de-dependance-et-sante-by-alimarket\\\/#article\",\"isPartOf\":{\"@id\":\"https:\\\/\\\/www.iberosa.com\\\/fr\\\/grand-succes-au-iieme-congres-nationale-de-dependance-et-sante-by-alimarket\\\/\"},\"author\":{\"name\":\"admin_rumbo\",\"@id\":\"https:\\\/\\\/www.iberosa.com\\\/fr\\\/#\\\/schema\\\/person\\\/7fde146850fdfb237cc788ba43c93b9c\"},\"headline\":\"Grand succ\u00e8s au II\u00e8me Congr\u00e8s Nationale de D\u00e9pendance et Sant\u00e9 by Alimarket\",\"datePublished\":\"2021-03-31T10:07:16+00:00\",\"dateModified\":\"2021-05-04T09:40:00+00:00\",\"mainEntityOfPage\":{\"@id\":\"https:\\\/\\\/www.iberosa.com\\\/fr\\\/grand-succes-au-iieme-congres-nationale-de-dependance-et-sante-by-alimarket\\\/\"},\"wordCount\":251,\"publisher\":{\"@id\":\"https:\\\/\\\/www.iberosa.com\\\/fr\\\/#organization\"},\"image\":{\"@id\":\"https:\\\/\\\/www.iberosa.com\\\/fr\\\/grand-succes-au-iieme-congres-nationale-de-dependance-et-sante-by-alimarket\\\/#primaryimage\"},\"thumbnailUrl\":\"https:\\\/\\\/www.iberosa.com\\\/wp-content\\\/uploads\\\/2021\\\/03\\\/iberosa-textiles-rumbo-congreso-dependencia-y-anidad-alimarket-02.jpg\",\"articleSection\":[\"Informations\"],\"inLanguage\":\"fr-FR\"},{\"@type\":\"WebPage\",\"@id\":\"https:\\\/\\\/www.iberosa.com\\\/fr\\\/grand-succes-au-iieme-congres-nationale-de-dependance-et-sante-by-alimarket\\\/\",\"url\":\"https:\\\/\\\/www.iberosa.com\\\/fr\\\/grand-succes-au-iieme-congres-nationale-de-dependance-et-sante-by-alimarket\\\/\",\"name\":\"Grand succ\u00e8s au II\u00e8me Congr\u00e8s Nationale de D\u00e9pendance et Sant\u00e9 by Alimarket\",\"isPartOf\":{\"@id\":\"https:\\\/\\\/www.iberosa.com\\\/fr\\\/#website\"},\"primaryImageOfPage\":{\"@id\":\"https:\\\/\\\/www.iberosa.com\\\/fr\\\/grand-succes-au-iieme-congres-nationale-de-dependance-et-sante-by-alimarket\\\/#primaryimage\"},\"image\":{\"@id\":\"https:\\\/\\\/www.iberosa.com\\\/fr\\\/grand-succes-au-iieme-congres-nationale-de-dependance-et-sante-by-alimarket\\\/#primaryimage\"},\"thumbnailUrl\":\"https:\\\/\\\/www.iberosa.com\\\/wp-content\\\/uploads\\\/2021\\\/03\\\/iberosa-textiles-rumbo-congreso-dependencia-y-anidad-alimarket-02.jpg\",\"datePublished\":\"2021-03-31T10:07:16+00:00\",\"dateModified\":\"2021-05-04T09:40:00+00:00\",\"breadcrumb\":{\"@id\":\"https:\\\/\\\/www.iberosa.com\\\/fr\\\/grand-succes-au-iieme-congres-nationale-de-dependance-et-sante-by-alimarket\\\/#breadcrumb\"},\"inLanguage\":\"fr-FR\",\"potentialAction\":[{\"@type\":\"ReadAction\",\"target\":[\"https:\\\/\\\/www.iberosa.com\\\/fr\\\/grand-succes-au-iieme-congres-nationale-de-dependance-et-sante-by-alimarket\\\/\"]}]},{\"@type\":\"ImageObject\",\"inLanguage\":\"fr-FR\",\"@id\":\"https:\\\/\\\/www.iberosa.com\\\/fr\\\/grand-succes-au-iieme-congres-nationale-de-dependance-et-sante-by-alimarket\\\/#primaryimage\",\"url\":\"https:\\\/\\\/www.iberosa.com\\\/wp-content\\\/uploads\\\/2021\\\/03\\\/iberosa-textiles-rumbo-congreso-dependencia-y-anidad-alimarket-02.jpg\",\"contentUrl\":\"https:\\\/\\\/www.iberosa.com\\\/wp-content\\\/uploads\\\/2021\\\/03\\\/iberosa-textiles-rumbo-congreso-dependencia-y-anidad-alimarket-02.jpg\",\"width\":990,\"height\":558},{\"@type\":\"BreadcrumbList\",\"@id\":\"https:\\\/\\\/www.iberosa.com\\\/fr\\\/grand-succes-au-iieme-congres-nationale-de-dependance-et-sante-by-alimarket\\\/#breadcrumb\",\"itemListElement\":[{\"@type\":\"ListItem\",\"position\":1,\"name\":\"Accueil\",\"item\":\"https:\\\/\\\/www.iberosa.com\\\/fr\\\/\"},{\"@type\":\"ListItem\",\"position\":2,\"name\":\"Informations\",\"item\":\"https:\\\/\\\/www.iberosa.com\\\/fr\\\/category\\\/informations\\\/\"},{\"@type\":\"ListItem\",\"position\":3,\"name\":\"Grand succ\u00e8s au II\u00e8me Congr\u00e8s Nationale de D\u00e9pendance et Sant\u00e9 by Alimarket\"}]},{\"@type\":\"WebSite\",\"@id\":\"https:\\\/\\\/www.iberosa.com\\\/fr\\\/#website\",\"url\":\"https:\\\/\\\/www.iberosa.com\\\/fr\\\/\",\"name\":\"Iberosa - Iberoamericana de hilados y tejidos, SL\",\"description\":\"Especializados en textil para hosteler\u00eda y sanidad\",\"publisher\":{\"@id\":\"https:\\\/\\\/www.iberosa.com\\\/fr\\\/#organization\"},\"potentialAction\":[{\"@type\":\"SearchAction\",\"target\":{\"@type\":\"EntryPoint\",\"urlTemplate\":\"https:\\\/\\\/www.iberosa.com\\\/fr\\\/?s={search_term_string}\"},\"query-input\":{\"@type\":\"PropertyValueSpecification\",\"valueRequired\":true,\"valueName\":\"search_term_string\"}}],\"inLanguage\":\"fr-FR\"},{\"@type\":\"Organization\",\"@id\":\"https:\\\/\\\/www.iberosa.com\\\/fr\\\/#organization\",\"name\":\"Iberosa - Iberoamericana de hilados y tejidos, SL\",\"url\":\"https:\\\/\\\/www.iberosa.com\\\/fr\\\/\",\"logo\":{\"@type\":\"ImageObject\",\"inLanguage\":\"fr-FR\",\"@id\":\"https:\\\/\\\/www.iberosa.com\\\/fr\\\/#\\\/schema\\\/logo\\\/image\\\/\",\"url\":\"https:\\\/\\\/www.iberosa.com\\\/wp-content\\\/uploads\\\/2019\\\/11\\\/logo-iberosa-web-2021.png\",\"contentUrl\":\"https:\\\/\\\/www.iberosa.com\\\/wp-content\\\/uploads\\\/2019\\\/11\\\/logo-iberosa-web-2021.png\",\"width\":276,\"height\":45,\"caption\":\"Iberosa - Iberoamericana de hilados y tejidos, SL\"},\"image\":{\"@id\":\"https:\\\/\\\/www.iberosa.com\\\/fr\\\/#\\\/schema\\\/logo\\\/image\\\/\"},\"sameAs\":[\"https:\\\/\\\/www.facebook.com\\\/iberosatextiles\",\"https:\\\/\\\/x.com\\\/IberosaTextiles\",\"https:\\\/\\\/www.linkedin.com\\\/company\\\/iberosa-textiles\"]},{\"@type\":\"Person\",\"@id\":\"https:\\\/\\\/www.iberosa.com\\\/fr\\\/#\\\/schema\\\/person\\\/7fde146850fdfb237cc788ba43c93b9c\",\"name\":\"admin_rumbo\",\"image\":{\"@type\":\"ImageObject\",\"inLanguage\":\"fr-FR\",\"@id\":\"https:\\\/\\\/secure.gravatar.com\\\/avatar\\\/31cfed26ea3f5b11101034c35da9feb8d5c72a2da3d6f6bccb9b6f6819b6b63d?s=96&d=mm&r=g\",\"url\":\"https:\\\/\\\/secure.gravatar.com\\\/avatar\\\/31cfed26ea3f5b11101034c35da9feb8d5c72a2da3d6f6bccb9b6f6819b6b63d?s=96&d=mm&r=g\",\"contentUrl\":\"https:\\\/\\\/secure.gravatar.com\\\/avatar\\\/31cfed26ea3f5b11101034c35da9feb8d5c72a2da3d6f6bccb9b6f6819b6b63d?s=96&d=mm&r=g\",\"caption\":\"admin_rumbo\"},\"url\":\"https:\\\/\\\/www.iberosa.com\\\/fr\\\/author\\\/admin_rumbo\\\/\"}]}<\/script>\n<!-- \/ Yoast SEO plugin. -->","yoast_head_json":{"title":"Grand succ\u00e8s au II\u00e8me Congr\u00e8s Nationale de D\u00e9pendance et Sant\u00e9 by Alimarket","robots":{"index":"index","follow":"follow","max-snippet":"max-snippet:-1","max-image-preview":"max-image-preview:large","max-video-preview":"max-video-preview:-1"},"canonical":"https:\/\/www.iberosa.com\/fr\/grand-succes-au-iieme-congres-nationale-de-dependance-et-sante-by-alimarket\/","og_locale":"fr_FR","og_type":"article","og_title":"Grand succ\u00e8s au II\u00e8me Congr\u00e8s Nationale de D\u00e9pendance et Sant\u00e9 by Alimarket","og_description":"Nous entamons P\u00e2ques avec satisfaction apr\u00e8s le succ\u00e8s du dernier Congr\u00e8s national sur la d\u00e9pendance et la sant\u00e9, un \u00e9v\u00e9nement qui est devenu le point de rencontre de r\u00e9f\u00e9rence du secteur g\u00e9rontologique.","og_url":"https:\/\/www.iberosa.com\/fr\/grand-succes-au-iieme-congres-nationale-de-dependance-et-sante-by-alimarket\/","og_site_name":"Iberosa - Iberoamericana de hilados y tejidos, SA","article_publisher":"https:\/\/www.facebook.com\/iberosatextiles","article_published_time":"2021-03-31T10:07:16+00:00","article_modified_time":"2021-05-04T09:40:00+00:00","og_image":[{"width":990,"height":558,"url":"https:\/\/www.iberosa.com\/wp-content\/uploads\/2021\/03\/iberosa-textiles-rumbo-congreso-dependencia-y-anidad-alimarket-02.jpg","type":"image\/jpeg"}],"author":"admin_rumbo","twitter_card":"summary_large_image","twitter_creator":"@IberosaTextiles","twitter_site":"@IberosaTextiles","schema":{"@context":"https:\/\/schema.org","@graph":[{"@type":"Article","@id":"https:\/\/www.iberosa.com\/fr\/grand-succes-au-iieme-congres-nationale-de-dependance-et-sante-by-alimarket\/#article","isPartOf":{"@id":"https:\/\/www.iberosa.com\/fr\/grand-succes-au-iieme-congres-nationale-de-dependance-et-sante-by-alimarket\/"},"author":{"name":"admin_rumbo","@id":"https:\/\/www.iberosa.com\/fr\/#\/schema\/person\/7fde146850fdfb237cc788ba43c93b9c"},"headline":"Grand succ\u00e8s au II\u00e8me Congr\u00e8s Nationale de D\u00e9pendance et Sant\u00e9 by Alimarket","datePublished":"2021-03-31T10:07:16+00:00","dateModified":"2021-05-04T09:40:00+00:00","mainEntityOfPage":{"@id":"https:\/\/www.iberosa.com\/fr\/grand-succes-au-iieme-congres-nationale-de-dependance-et-sante-by-alimarket\/"},"wordCount":251,"publisher":{"@id":"https:\/\/www.iberosa.com\/fr\/#organization"},"image":{"@id":"https:\/\/www.iberosa.com\/fr\/grand-succes-au-iieme-congres-nationale-de-dependance-et-sante-by-alimarket\/#primaryimage"},"thumbnailUrl":"https:\/\/www.iberosa.com\/wp-content\/uploads\/2021\/03\/iberosa-textiles-rumbo-congreso-dependencia-y-anidad-alimarket-02.jpg","articleSection":["Informations"],"inLanguage":"fr-FR"},{"@type":"WebPage","@id":"https:\/\/www.iberosa.com\/fr\/grand-succes-au-iieme-congres-nationale-de-dependance-et-sante-by-alimarket\/","url":"https:\/\/www.iberosa.com\/fr\/grand-succes-au-iieme-congres-nationale-de-dependance-et-sante-by-alimarket\/","name":"Grand succ\u00e8s au II\u00e8me Congr\u00e8s Nationale de D\u00e9pendance et Sant\u00e9 by Alimarket","isPartOf":{"@id":"https:\/\/www.iberosa.com\/fr\/#website"},"primaryImageOfPage":{"@id":"https:\/\/www.iberosa.com\/fr\/grand-succes-au-iieme-congres-nationale-de-dependance-et-sante-by-alimarket\/#primaryimage"},"image":{"@id":"https:\/\/www.iberosa.com\/fr\/grand-succes-au-iieme-congres-nationale-de-dependance-et-sante-by-alimarket\/#primaryimage"},"thumbnailUrl":"https:\/\/www.iberosa.com\/wp-content\/uploads\/2021\/03\/iberosa-textiles-rumbo-congreso-dependencia-y-anidad-alimarket-02.jpg","datePublished":"2021-03-31T10:07:16+00:00","dateModified":"2021-05-04T09:40:00+00:00","breadcrumb":{"@id":"https:\/\/www.iberosa.com\/fr\/grand-succes-au-iieme-congres-nationale-de-dependance-et-sante-by-alimarket\/#breadcrumb"},"inLanguage":"fr-FR","potentialAction":[{"@type":"ReadAction","target":["https:\/\/www.iberosa.com\/fr\/grand-succes-au-iieme-congres-nationale-de-dependance-et-sante-by-alimarket\/"]}]},{"@type":"ImageObject","inLanguage":"fr-FR","@id":"https:\/\/www.iberosa.com\/fr\/grand-succes-au-iieme-congres-nationale-de-dependance-et-sante-by-alimarket\/#primaryimage","url":"https:\/\/www.iberosa.com\/wp-content\/uploads\/2021\/03\/iberosa-textiles-rumbo-congreso-dependencia-y-anidad-alimarket-02.jpg","contentUrl":"https:\/\/www.iberosa.com\/wp-content\/uploads\/2021\/03\/iberosa-textiles-rumbo-congreso-dependencia-y-anidad-alimarket-02.jpg","width":990,"height":558},{"@type":"BreadcrumbList","@id":"https:\/\/www.iberosa.com\/fr\/grand-succes-au-iieme-congres-nationale-de-dependance-et-sante-by-alimarket\/#breadcrumb","itemListElement":[{"@type":"ListItem","position":1,"name":"Accueil","item":"https:\/\/www.iberosa.com\/fr\/"},{"@type":"ListItem","position":2,"name":"Informations","item":"https:\/\/www.iberosa.com\/fr\/category\/informations\/"},{"@type":"ListItem","position":3,"name":"Grand succ\u00e8s au II\u00e8me Congr\u00e8s Nationale de D\u00e9pendance et Sant\u00e9 by Alimarket"}]},{"@type":"WebSite","@id":"https:\/\/www.iberosa.com\/fr\/#website","url":"https:\/\/www.iberosa.com\/fr\/","name":"Iberosa - Iberoamericana de hilados y tejidos, SL","description":"Especializados en textil para hosteler\u00eda y sanidad","publisher":{"@id":"https:\/\/www.iberosa.com\/fr\/#organization"},"potentialAction":[{"@type":"SearchAction","target":{"@type":"EntryPoint","urlTemplate":"https:\/\/www.iberosa.com\/fr\/?s={search_term_string}"},"query-input":{"@type":"PropertyValueSpecification","valueRequired":true,"valueName":"search_term_string"}}],"inLanguage":"fr-FR"},{"@type":"Organization","@id":"https:\/\/www.iberosa.com\/fr\/#organization","name":"Iberosa - Iberoamericana de hilados y tejidos, SL","url":"https:\/\/www.iberosa.com\/fr\/","logo":{"@type":"ImageObject","inLanguage":"fr-FR","@id":"https:\/\/www.iberosa.com\/fr\/#\/schema\/logo\/image\/","url":"https:\/\/www.iberosa.com\/wp-content\/uploads\/2019\/11\/logo-iberosa-web-2021.png","contentUrl":"https:\/\/www.iberosa.com\/wp-content\/uploads\/2019\/11\/logo-iberosa-web-2021.png","width":276,"height":45,"caption":"Iberosa - Iberoamericana de hilados y tejidos, SL"},"image":{"@id":"https:\/\/www.iberosa.com\/fr\/#\/schema\/logo\/image\/"},"sameAs":["https:\/\/www.facebook.com\/iberosatextiles","https:\/\/x.com\/IberosaTextiles","https:\/\/www.linkedin.com\/company\/iberosa-textiles"]},{"@type":"Person","@id":"https:\/\/www.iberosa.com\/fr\/#\/schema\/person\/7fde146850fdfb237cc788ba43c93b9c","name":"admin_rumbo","image":{"@type":"ImageObject","inLanguage":"fr-FR","@id":"https:\/\/secure.gravatar.com\/avatar\/31cfed26ea3f5b11101034c35da9feb8d5c72a2da3d6f6bccb9b6f6819b6b63d?s=96&d=mm&r=g","url":"https:\/\/secure.gravatar.com\/avatar\/31cfed26ea3f5b11101034c35da9feb8d5c72a2da3d6f6bccb9b6f6819b6b63d?s=96&d=mm&r=g","contentUrl":"https:\/\/secure.gravatar.com\/avatar\/31cfed26ea3f5b11101034c35da9feb8d5c72a2da3d6f6bccb9b6f6819b6b63d?s=96&d=mm&r=g","caption":"admin_rumbo"},"url":"https:\/\/www.iberosa.com\/fr\/author\/admin_rumbo\/"}]}},"_links":{"self":[{"href":"https:\/\/www.iberosa.com\/fr\/wp-json\/wp\/v2\/posts\/5036","targetHints":{"allow":["GET"]}}],"collection":[{"href":"https:\/\/www.iberosa.com\/fr\/wp-json\/wp\/v2\/posts"}],"about":[{"href":"https:\/\/www.iberosa.com\/fr\/wp-json\/wp\/v2\/types\/post"}],"author":[{"embeddable":true,"href":"https:\/\/www.iberosa.com\/fr\/wp-json\/wp\/v2\/users\/1"}],"replies":[{"embeddable":true,"href":"https:\/\/www.iberosa.com\/fr\/wp-json\/wp\/v2\/comments?post=5036"}],"version-history":[{"count":2,"href":"https:\/\/www.iberosa.com\/fr\/wp-json\/wp\/v2\/posts\/5036\/revisions"}],"predecessor-version":[{"id":5086,"href":"https:\/\/www.iberosa.com\/fr\/wp-json\/wp\/v2\/posts\/5036\/revisions\/5086"}],"wp:featuredmedia":[{"embeddable":true,"href":"https:\/\/www.iberosa.com\/fr\/wp-json\/wp\/v2\/media\/4967"}],"wp:attachment":[{"href":"https:\/\/www.iberosa.com\/fr\/wp-json\/wp\/v2\/media?parent=5036"}],"wp:term":[{"taxonomy":"category","embeddable":true,"href":"https:\/\/www.iberosa.com\/fr\/wp-json\/wp\/v2\/categories?post=5036"},{"taxonomy":"post_tag","embeddable":true,"href":"https:\/\/www.iberosa.com\/fr\/wp-json\/wp\/v2\/tags?post=5036"}],"curies":[{"name":"wp","href":"https:\/\/api.w.org\/{rel}","templated":true}]}}