{"id":5187,"date":"2021-05-04T11:30:08","date_gmt":"2021-05-04T09:30:08","guid":{"rendered":"https:\/\/www.iberosa.com\/produits-textiles-personnalises\/"},"modified":"2021-06-01T09:06:25","modified_gmt":"2021-06-01T07:06:25","slug":"produits-textiles-personnalises","status":"publish","type":"post","link":"https:\/\/www.iberosa.com\/fr\/produits-textiles-personnalises\/","title":{"rendered":"Produits textiles personnalis\u00e9s"},"content":{"rendered":"<h2>Diff\u00e9rentes techniques de personnalisation des textiles<\/h2>\n<p>Chez Textiles Rumbo, nous utilisons toujours la technique qui convient le mieux aux exigences de nos clients et du produit.<\/p>\n<h3>Broderie<\/h3>\n<p>C&rsquo;est, peut-\u00eatre, l&rsquo;un des plus connus. Il est cr\u00e9\u00e9 en cousant les fils (qui peuvent \u00eatre de diff\u00e9rentes couleurs) sur le tissu jusqu&rsquo;\u00e0 ce que le motif souhait\u00e9 soit form\u00e9.<\/p>\n<p>Son principal avantage est qu&rsquo;il peut \u00eatre utilis\u00e9 dans la grande majorit\u00e9 des tissus, offrant une grande r\u00e9sistance tout en apportant une touche de distinction \u00e0 l\u2019article brod\u00e9.<\/p>\n<h3>Jacquard<\/h3>\n<p>Ce type de tissage h\u00e9rite son nom de Joseph Marie Jacquard, qui a invent\u00e9 cette technique en 1801.<\/p>\n<p>Contrairement \u00e0 la broderie, le jacquard n&rsquo;est pas r\u00e9alis\u00e9 en cousant les fils sur le tissu, mais en faisant varier la position des fils qui le composent. De cette fa\u00e7on, nous obtenons un design sans trop de relief, qui donne de l&rsquo;\u00e9l\u00e9gance \u00e0 l\u2019article, ainsi qu&rsquo;une grande durabilit\u00e9.<\/p>\n<h3>Impression<\/h3>\n<p>C&rsquo;est la technique qui permet de r\u00e9aliser un plus grand nombre de dessins et une plus grande complexit\u00e9 de ceux-ci. Il existe deux types d&rsquo;impression : positionnelle (un motif \u00e0 un endroit pr\u00e9cis de l\u2019article) ou continue ou rotative (un motif qui est r\u00e9p\u00e9t\u00e9 en continu sur le tissu, cr\u00e9ant ainsi un dessin complet).<\/p>\n<p>L&rsquo;impression par transfert est la m\u00e9thode la plus simple. Elle consiste \u00e0 imprimer le motif sur un support papier sp\u00e9cifique, puis \u00e0 le transf\u00e9rer sur le produit \u00e0 imprimer au moyen de la chaleur et de la pression. Cette technique permet d&rsquo;imprimer des motifs en couleur.<\/p>\n<p>La s\u00e9rigraphie consiste \u00e0 imprimer l&rsquo;image directement sur l\u2019article \u00e0 l&rsquo;aide d&rsquo;un gabarit qui \u00e9vite que l&rsquo;encre ne soit impr\u00e9gn\u00e9e au mauvais endroit. \u00c9tant imprim\u00e9 directement sur le textile, il donne une plus grande \u00e9lasticit\u00e9 au dessin.<\/p>\n<div id='gallery-1' class='gallery galleryid-5187 gallery-columns-4 gallery-size-medium'><figure class='gallery-item'>\n\t\t\t<div class='gallery-icon landscape'>\n\t\t\t\t<img fetchpriority=\"high\" decoding=\"async\" width=\"300\" height=\"300\" src=\"https:\/\/www.iberosa.com\/wp-content\/uploads\/2020\/03\/iberosa-textiles-rumbo-sabanas-personalizacion-estampado-serigrafia-01-300x300.jpg\" class=\"attachment-medium size-medium\" alt=\"\" aria-describedby=\"gallery-1-2409\" srcset=\"https:\/\/www.iberosa.com\/wp-content\/uploads\/2020\/03\/iberosa-textiles-rumbo-sabanas-personalizacion-estampado-serigrafia-01-300x300.jpg 300w, https:\/\/www.iberosa.com\/wp-content\/uploads\/2020\/03\/iberosa-textiles-rumbo-sabanas-personalizacion-estampado-serigrafia-01-150x150.jpg 150w, https:\/\/www.iberosa.com\/wp-content\/uploads\/2020\/03\/iberosa-textiles-rumbo-sabanas-personalizacion-estampado-serigrafia-01-768x768.jpg 768w, https:\/\/www.iberosa.com\/wp-content\/uploads\/2020\/03\/iberosa-textiles-rumbo-sabanas-personalizacion-estampado-serigrafia-01-500x500.jpg 500w, https:\/\/www.iberosa.com\/wp-content\/uploads\/2020\/03\/iberosa-textiles-rumbo-sabanas-personalizacion-estampado-serigrafia-01.jpg 1000w\" sizes=\"(max-width: 300px) 100vw, 300px\" \/>\n\t\t\t<\/div>\n\t\t\t\t<figcaption class='wp-caption-text gallery-caption' id='gallery-1-2409'>\n\t\t\t\tImpression s\u00e9rigraphique\n\t\t\t\t<\/figcaption><\/figure><figure class='gallery-item'>\n\t\t\t<div class='gallery-icon landscape'>\n\t\t\t\t<img decoding=\"async\" width=\"300\" height=\"300\" src=\"https:\/\/www.iberosa.com\/wp-content\/uploads\/2020\/03\/iberosa-textiles-rumbo-sabanas-personalizacion-bordado-01-300x300.jpg\" class=\"attachment-medium size-medium\" alt=\"\" aria-describedby=\"gallery-1-2403\" srcset=\"https:\/\/www.iberosa.com\/wp-content\/uploads\/2020\/03\/iberosa-textiles-rumbo-sabanas-personalizacion-bordado-01-300x300.jpg 300w, https:\/\/www.iberosa.com\/wp-content\/uploads\/2020\/03\/iberosa-textiles-rumbo-sabanas-personalizacion-bordado-01-150x150.jpg 150w, https:\/\/www.iberosa.com\/wp-content\/uploads\/2020\/03\/iberosa-textiles-rumbo-sabanas-personalizacion-bordado-01-768x768.jpg 768w, https:\/\/www.iberosa.com\/wp-content\/uploads\/2020\/03\/iberosa-textiles-rumbo-sabanas-personalizacion-bordado-01-500x500.jpg 500w, https:\/\/www.iberosa.com\/wp-content\/uploads\/2020\/03\/iberosa-textiles-rumbo-sabanas-personalizacion-bordado-01.jpg 1000w\" sizes=\"(max-width: 300px) 100vw, 300px\" \/>\n\t\t\t<\/div>\n\t\t\t\t<figcaption class='wp-caption-text gallery-caption' id='gallery-1-2403'>\n\t\t\t\tLogo brod\u00e9\n\t\t\t\t<\/figcaption><\/figure><figure class='gallery-item'>\n\t\t\t<div class='gallery-icon landscape'>\n\t\t\t\t<img decoding=\"async\" width=\"300\" height=\"300\" src=\"https:\/\/www.iberosa.com\/wp-content\/uploads\/2020\/03\/iberosa-textiles-rumbo-toalla-personalizacion-jaquard-color-300x300.jpg\" class=\"attachment-medium size-medium\" alt=\"Logotype en Jacquard couleur\" aria-describedby=\"gallery-1-2398\" srcset=\"https:\/\/www.iberosa.com\/wp-content\/uploads\/2020\/03\/iberosa-textiles-rumbo-toalla-personalizacion-jaquard-color-300x300.jpg 300w, https:\/\/www.iberosa.com\/wp-content\/uploads\/2020\/03\/iberosa-textiles-rumbo-toalla-personalizacion-jaquard-color-150x150.jpg 150w, https:\/\/www.iberosa.com\/wp-content\/uploads\/2020\/03\/iberosa-textiles-rumbo-toalla-personalizacion-jaquard-color-768x768.jpg 768w, https:\/\/www.iberosa.com\/wp-content\/uploads\/2020\/03\/iberosa-textiles-rumbo-toalla-personalizacion-jaquard-color-500x500.jpg 500w, https:\/\/www.iberosa.com\/wp-content\/uploads\/2020\/03\/iberosa-textiles-rumbo-toalla-personalizacion-jaquard-color.jpg 1000w\" sizes=\"(max-width: 300px) 100vw, 300px\" \/>\n\t\t\t<\/div>\n\t\t\t\t<figcaption class='wp-caption-text gallery-caption' id='gallery-1-2398'>\n\t\t\t\tLogotype en Jacquard couleur\n\t\t\t\t<\/figcaption><\/figure><figure class='gallery-item'>\n\t\t\t<div class='gallery-icon landscape'>\n\t\t\t\t<img loading=\"lazy\" decoding=\"async\" width=\"300\" height=\"300\" src=\"https:\/\/www.iberosa.com\/wp-content\/uploads\/2020\/03\/iberosa-textiles-rumbo-toalla-personalizacion-jaquard-blanco-300x300.jpg\" class=\"attachment-medium size-medium\" alt=\"Logotype en Jacquard blanc\" aria-describedby=\"gallery-1-2395\" srcset=\"https:\/\/www.iberosa.com\/wp-content\/uploads\/2020\/03\/iberosa-textiles-rumbo-toalla-personalizacion-jaquard-blanco-300x300.jpg 300w, https:\/\/www.iberosa.com\/wp-content\/uploads\/2020\/03\/iberosa-textiles-rumbo-toalla-personalizacion-jaquard-blanco-150x150.jpg 150w, https:\/\/www.iberosa.com\/wp-content\/uploads\/2020\/03\/iberosa-textiles-rumbo-toalla-personalizacion-jaquard-blanco-768x768.jpg 768w, https:\/\/www.iberosa.com\/wp-content\/uploads\/2020\/03\/iberosa-textiles-rumbo-toalla-personalizacion-jaquard-blanco-500x500.jpg 500w, https:\/\/www.iberosa.com\/wp-content\/uploads\/2020\/03\/iberosa-textiles-rumbo-toalla-personalizacion-jaquard-blanco.jpg 1000w\" sizes=\"(max-width: 300px) 100vw, 300px\" \/>\n\t\t\t<\/div>\n\t\t\t\t<figcaption class='wp-caption-text gallery-caption' id='gallery-1-2395'>\n\t\t\t\tLogotype en Jacquard blanc\n\t\t\t\t<\/figcaption><\/figure>\n\t\t<\/div>\n\n<h2>Produits textiles personnalis\u00e9s<\/h2>\n<h3>Pourquoi personnaliser?<\/h3>\n<p>La personnalisation est particuli\u00e8rement importante pour les produits tels que les serviettes, les draps, les taies d&rsquo;oreiller ou les couvre-lits, car ce sont les articles qui ne peuvent manquer dans aucune chambre ou salle de bains. Dans toute entreprise, l&rsquo;image de marque est fondamentale. Et, dans le cas de l&rsquo;h\u00f4tellerie et de la restauration ou du secteur de la sant\u00e9, le fait de soigner cette image a un effet tr\u00e8s positif sur la confiance du client ou du patient dans la marque.<\/p>\n<p>En outre, il apporte une exclusivit\u00e9 au produit en lui donnant une touche d&rsquo;\u00e9l\u00e9gance et de distinction, en montrant votre marque au monde entier et en vous diff\u00e9renciant de la concurrence.<\/p>\n<h3>Serviettes de bain personnalis\u00e9es<\/h3>\n<p>Les serviettes sont un \u00e9l\u00e9ment indispensable dans toute chambre d&rsquo;h\u00f4tel, h\u00f4pital, maison de retraite&#8230; Et, pour chacun de ces centres, la meilleure fa\u00e7on de se diff\u00e9rencier des autres c\u2019est de mettre \u00e0 la disposition de ses usagers des serviettes personnalis\u00e9es avec votre nom ou votre logo.<\/p>\n<p>Dans ce type de produit, nous offrons la possibilit\u00e9 de personnalisation au moyen de broderie ou de jacquard. De cette fa\u00e7on, en plus de l&rsquo;\u00e9l\u00e9gance et de la mise en valeur de la marque, nous optimisons la dur\u00e9e de vie du produit.<\/p>\n<h3>Linge de lit personnalis\u00e9<\/h3>\n<p>Nous ne pouvions pas manquer le linge de lit, un autre \u00e9l\u00e9ment essentiel de toute chambre, et l&rsquo;un des plus importants, car c&rsquo;est sur lui que se base notre repos. Chez Textiles Rumbo, nous proposons toutes sortes de draps personnalis\u00e9s par impression ou broderie. En outre, nous pouvons am\u00e9liorer l&rsquo;image et l&rsquo;\u00e9l\u00e9gance de l&rsquo;ensemble en y ajoutant des bordures en biais ou des festons.<\/p>\n<h3>Produits textiles personnalis\u00e9s<\/h3>\n<p>Mais la personnalisation ne s&rsquo;arr\u00eate pas au design et \u00e0 l&rsquo;image. Tout produit que nous fabriquons peut \u00eatre r\u00e9alis\u00e9 en fonction des besoins de chaque client. Ainsi, nous pouvons nous adapter \u00e0 eux dans la confection et le type de tissu utilis\u00e9, les mesures, les formes, les diff\u00e9rents types de fermetures (fermetures \u00e9clair, forme sac ou portefeuille, boutons&#8230; surtout dans les housses et protections de matelas et d&rsquo;oreillers), etc. Les possibilit\u00e9s sont pratiquement infinies, alors faites-nous part de votre id\u00e9e et nous la m\u00e8nerons \u00e0 bien!<\/p>\n","protected":false},"excerpt":{"rendered":"<p>L&rsquo;un des principaux avantages d&rsquo;\u00eatre un fabricant  est qu&rsquo;il nous permet d&rsquo;offrir un large \u00e9ventail de possibilit\u00e9s de personnalisation des articles que nous fabriquons, en nous adaptant toujours aux besoins de nos clients. Il existe plusieurs m\u00e9thodes pour cela. Savez-vous quelles sont ces m\u00e9thodes et quelles sont leurs diff\u00e9rences?<\/p>\n","protected":false},"author":1,"featured_media":5051,"comment_status":"closed","ping_status":"closed","sticky":false,"template":"","format":"standard","meta":{"_acf_changed":false,"footnotes":""},"categories":[],"tags":[],"class_list":["post-5187","post","type-post","status-publish","format-standard","has-post-thumbnail","hentry"],"acf":[],"yoast_head":"<!-- This site is optimized with the Yoast SEO plugin v27.3 - https:\/\/yoast.com\/product\/yoast-seo-wordpress\/ -->\n<title>Produits textiles personnalis\u00e9s<\/title>\n<meta name=\"robots\" content=\"index, follow, max-snippet:-1, max-image-preview:large, max-video-preview:-1\" \/>\n<link rel=\"canonical\" href=\"https:\/\/www.iberosa.com\/fr\/produits-textiles-personnalises\/\" \/>\n<meta property=\"og:locale\" content=\"fr_FR\" \/>\n<meta property=\"og:type\" content=\"article\" \/>\n<meta property=\"og:title\" content=\"Produits textiles personnalis\u00e9s\" \/>\n<meta property=\"og:description\" content=\"L&#039;un des principaux avantages d&#039;\u00eatre un fabricant est qu&#039;il nous permet d&#039;offrir un large \u00e9ventail de possibilit\u00e9s de personnalisation des articles que nous fabriquons, en nous adaptant toujours aux besoins de nos clients. Il existe plusieurs m\u00e9thodes pour cela. Savez-vous quelles sont ces m\u00e9thodes et quelles sont leurs diff\u00e9rences?\" \/>\n<meta property=\"og:url\" content=\"https:\/\/www.iberosa.com\/fr\/produits-textiles-personnalises\/\" \/>\n<meta property=\"og:site_name\" content=\"Iberosa - Iberoamericana de hilados y tejidos, SA\" \/>\n<meta property=\"article:publisher\" content=\"https:\/\/www.facebook.com\/iberosatextiles\" \/>\n<meta property=\"article:published_time\" content=\"2021-05-04T09:30:08+00:00\" \/>\n<meta property=\"article:modified_time\" content=\"2021-06-01T07:06:25+00:00\" \/>\n<meta property=\"og:image\" content=\"https:\/\/www.iberosa.com\/wp-content\/uploads\/2021\/05\/personalizacion-bordado.jpg\" \/>\n\t<meta property=\"og:image:width\" content=\"1000\" \/>\n\t<meta property=\"og:image:height\" content=\"650\" \/>\n\t<meta property=\"og:image:type\" content=\"image\/jpeg\" \/>\n<meta name=\"author\" content=\"admin_rumbo\" \/>\n<meta name=\"twitter:card\" content=\"summary_large_image\" \/>\n<meta name=\"twitter:creator\" content=\"@IberosaTextiles\" \/>\n<meta name=\"twitter:site\" content=\"@IberosaTextiles\" \/>\n<script type=\"application\/ld+json\" class=\"yoast-schema-graph\">{\"@context\":\"https:\\\/\\\/schema.org\",\"@graph\":[{\"@type\":\"Article\",\"@id\":\"https:\\\/\\\/www.iberosa.com\\\/fr\\\/produits-textiles-personnalises\\\/#article\",\"isPartOf\":{\"@id\":\"https:\\\/\\\/www.iberosa.com\\\/fr\\\/produits-textiles-personnalises\\\/\"},\"author\":{\"name\":\"admin_rumbo\",\"@id\":\"https:\\\/\\\/www.iberosa.com\\\/fr\\\/#\\\/schema\\\/person\\\/7fde146850fdfb237cc788ba43c93b9c\"},\"headline\":\"Produits textiles personnalis\u00e9s\",\"datePublished\":\"2021-05-04T09:30:08+00:00\",\"dateModified\":\"2021-06-01T07:06:25+00:00\",\"mainEntityOfPage\":{\"@id\":\"https:\\\/\\\/www.iberosa.com\\\/fr\\\/produits-textiles-personnalises\\\/\"},\"wordCount\":732,\"publisher\":{\"@id\":\"https:\\\/\\\/www.iberosa.com\\\/fr\\\/#organization\"},\"image\":{\"@id\":\"https:\\\/\\\/www.iberosa.com\\\/fr\\\/produits-textiles-personnalises\\\/#primaryimage\"},\"thumbnailUrl\":\"https:\\\/\\\/www.iberosa.com\\\/wp-content\\\/uploads\\\/2021\\\/05\\\/personalizacion-bordado.jpg\",\"inLanguage\":\"fr-FR\"},{\"@type\":\"WebPage\",\"@id\":\"https:\\\/\\\/www.iberosa.com\\\/fr\\\/produits-textiles-personnalises\\\/\",\"url\":\"https:\\\/\\\/www.iberosa.com\\\/fr\\\/produits-textiles-personnalises\\\/\",\"name\":\"Produits textiles personnalis\u00e9s\",\"isPartOf\":{\"@id\":\"https:\\\/\\\/www.iberosa.com\\\/fr\\\/#website\"},\"primaryImageOfPage\":{\"@id\":\"https:\\\/\\\/www.iberosa.com\\\/fr\\\/produits-textiles-personnalises\\\/#primaryimage\"},\"image\":{\"@id\":\"https:\\\/\\\/www.iberosa.com\\\/fr\\\/produits-textiles-personnalises\\\/#primaryimage\"},\"thumbnailUrl\":\"https:\\\/\\\/www.iberosa.com\\\/wp-content\\\/uploads\\\/2021\\\/05\\\/personalizacion-bordado.jpg\",\"datePublished\":\"2021-05-04T09:30:08+00:00\",\"dateModified\":\"2021-06-01T07:06:25+00:00\",\"breadcrumb\":{\"@id\":\"https:\\\/\\\/www.iberosa.com\\\/fr\\\/produits-textiles-personnalises\\\/#breadcrumb\"},\"inLanguage\":\"fr-FR\",\"potentialAction\":[{\"@type\":\"ReadAction\",\"target\":[\"https:\\\/\\\/www.iberosa.com\\\/fr\\\/produits-textiles-personnalises\\\/\"]}]},{\"@type\":\"ImageObject\",\"inLanguage\":\"fr-FR\",\"@id\":\"https:\\\/\\\/www.iberosa.com\\\/fr\\\/produits-textiles-personnalises\\\/#primaryimage\",\"url\":\"https:\\\/\\\/www.iberosa.com\\\/wp-content\\\/uploads\\\/2021\\\/05\\\/personalizacion-bordado.jpg\",\"contentUrl\":\"https:\\\/\\\/www.iberosa.com\\\/wp-content\\\/uploads\\\/2021\\\/05\\\/personalizacion-bordado.jpg\",\"width\":1000,\"height\":650},{\"@type\":\"BreadcrumbList\",\"@id\":\"https:\\\/\\\/www.iberosa.com\\\/fr\\\/produits-textiles-personnalises\\\/#breadcrumb\",\"itemListElement\":[{\"@type\":\"ListItem\",\"position\":1,\"name\":\"Accueil\",\"item\":\"https:\\\/\\\/www.iberosa.com\\\/fr\\\/\"},{\"@type\":\"ListItem\",\"position\":2,\"name\":\"Non classifi\u00e9(e)\",\"item\":\"https:\\\/\\\/www.iberosa.com\\\/fr\\\/category\\\/non-classifiee\\\/\"},{\"@type\":\"ListItem\",\"position\":3,\"name\":\"Produits textiles personnalis\u00e9s\"}]},{\"@type\":\"WebSite\",\"@id\":\"https:\\\/\\\/www.iberosa.com\\\/fr\\\/#website\",\"url\":\"https:\\\/\\\/www.iberosa.com\\\/fr\\\/\",\"name\":\"Iberosa - Iberoamericana de hilados y tejidos, SL\",\"description\":\"Especializados en textil para hosteler\u00eda y sanidad\",\"publisher\":{\"@id\":\"https:\\\/\\\/www.iberosa.com\\\/fr\\\/#organization\"},\"potentialAction\":[{\"@type\":\"SearchAction\",\"target\":{\"@type\":\"EntryPoint\",\"urlTemplate\":\"https:\\\/\\\/www.iberosa.com\\\/fr\\\/?s={search_term_string}\"},\"query-input\":{\"@type\":\"PropertyValueSpecification\",\"valueRequired\":true,\"valueName\":\"search_term_string\"}}],\"inLanguage\":\"fr-FR\"},{\"@type\":\"Organization\",\"@id\":\"https:\\\/\\\/www.iberosa.com\\\/fr\\\/#organization\",\"name\":\"Iberosa - Iberoamericana de hilados y tejidos, SL\",\"url\":\"https:\\\/\\\/www.iberosa.com\\\/fr\\\/\",\"logo\":{\"@type\":\"ImageObject\",\"inLanguage\":\"fr-FR\",\"@id\":\"https:\\\/\\\/www.iberosa.com\\\/fr\\\/#\\\/schema\\\/logo\\\/image\\\/\",\"url\":\"https:\\\/\\\/www.iberosa.com\\\/wp-content\\\/uploads\\\/2019\\\/11\\\/logo-iberosa-web-2021.png\",\"contentUrl\":\"https:\\\/\\\/www.iberosa.com\\\/wp-content\\\/uploads\\\/2019\\\/11\\\/logo-iberosa-web-2021.png\",\"width\":276,\"height\":45,\"caption\":\"Iberosa - Iberoamericana de hilados y tejidos, SL\"},\"image\":{\"@id\":\"https:\\\/\\\/www.iberosa.com\\\/fr\\\/#\\\/schema\\\/logo\\\/image\\\/\"},\"sameAs\":[\"https:\\\/\\\/www.facebook.com\\\/iberosatextiles\",\"https:\\\/\\\/x.com\\\/IberosaTextiles\",\"https:\\\/\\\/www.linkedin.com\\\/company\\\/iberosa-textiles\"]},{\"@type\":\"Person\",\"@id\":\"https:\\\/\\\/www.iberosa.com\\\/fr\\\/#\\\/schema\\\/person\\\/7fde146850fdfb237cc788ba43c93b9c\",\"name\":\"admin_rumbo\",\"image\":{\"@type\":\"ImageObject\",\"inLanguage\":\"fr-FR\",\"@id\":\"https:\\\/\\\/secure.gravatar.com\\\/avatar\\\/31cfed26ea3f5b11101034c35da9feb8d5c72a2da3d6f6bccb9b6f6819b6b63d?s=96&d=mm&r=g\",\"url\":\"https:\\\/\\\/secure.gravatar.com\\\/avatar\\\/31cfed26ea3f5b11101034c35da9feb8d5c72a2da3d6f6bccb9b6f6819b6b63d?s=96&d=mm&r=g\",\"contentUrl\":\"https:\\\/\\\/secure.gravatar.com\\\/avatar\\\/31cfed26ea3f5b11101034c35da9feb8d5c72a2da3d6f6bccb9b6f6819b6b63d?s=96&d=mm&r=g\",\"caption\":\"admin_rumbo\"},\"url\":\"https:\\\/\\\/www.iberosa.com\\\/fr\\\/author\\\/admin_rumbo\\\/\"}]}<\/script>\n<!-- \/ Yoast SEO plugin. -->","yoast_head_json":{"title":"Produits textiles personnalis\u00e9s","robots":{"index":"index","follow":"follow","max-snippet":"max-snippet:-1","max-image-preview":"max-image-preview:large","max-video-preview":"max-video-preview:-1"},"canonical":"https:\/\/www.iberosa.com\/fr\/produits-textiles-personnalises\/","og_locale":"fr_FR","og_type":"article","og_title":"Produits textiles personnalis\u00e9s","og_description":"L'un des principaux avantages d'\u00eatre un fabricant est qu'il nous permet d'offrir un large \u00e9ventail de possibilit\u00e9s de personnalisation des articles que nous fabriquons, en nous adaptant toujours aux besoins de nos clients. Il existe plusieurs m\u00e9thodes pour cela. Savez-vous quelles sont ces m\u00e9thodes et quelles sont leurs diff\u00e9rences?","og_url":"https:\/\/www.iberosa.com\/fr\/produits-textiles-personnalises\/","og_site_name":"Iberosa - Iberoamericana de hilados y tejidos, SA","article_publisher":"https:\/\/www.facebook.com\/iberosatextiles","article_published_time":"2021-05-04T09:30:08+00:00","article_modified_time":"2021-06-01T07:06:25+00:00","og_image":[{"width":1000,"height":650,"url":"https:\/\/www.iberosa.com\/wp-content\/uploads\/2021\/05\/personalizacion-bordado.jpg","type":"image\/jpeg"}],"author":"admin_rumbo","twitter_card":"summary_large_image","twitter_creator":"@IberosaTextiles","twitter_site":"@IberosaTextiles","schema":{"@context":"https:\/\/schema.org","@graph":[{"@type":"Article","@id":"https:\/\/www.iberosa.com\/fr\/produits-textiles-personnalises\/#article","isPartOf":{"@id":"https:\/\/www.iberosa.com\/fr\/produits-textiles-personnalises\/"},"author":{"name":"admin_rumbo","@id":"https:\/\/www.iberosa.com\/fr\/#\/schema\/person\/7fde146850fdfb237cc788ba43c93b9c"},"headline":"Produits textiles personnalis\u00e9s","datePublished":"2021-05-04T09:30:08+00:00","dateModified":"2021-06-01T07:06:25+00:00","mainEntityOfPage":{"@id":"https:\/\/www.iberosa.com\/fr\/produits-textiles-personnalises\/"},"wordCount":732,"publisher":{"@id":"https:\/\/www.iberosa.com\/fr\/#organization"},"image":{"@id":"https:\/\/www.iberosa.com\/fr\/produits-textiles-personnalises\/#primaryimage"},"thumbnailUrl":"https:\/\/www.iberosa.com\/wp-content\/uploads\/2021\/05\/personalizacion-bordado.jpg","inLanguage":"fr-FR"},{"@type":"WebPage","@id":"https:\/\/www.iberosa.com\/fr\/produits-textiles-personnalises\/","url":"https:\/\/www.iberosa.com\/fr\/produits-textiles-personnalises\/","name":"Produits textiles personnalis\u00e9s","isPartOf":{"@id":"https:\/\/www.iberosa.com\/fr\/#website"},"primaryImageOfPage":{"@id":"https:\/\/www.iberosa.com\/fr\/produits-textiles-personnalises\/#primaryimage"},"image":{"@id":"https:\/\/www.iberosa.com\/fr\/produits-textiles-personnalises\/#primaryimage"},"thumbnailUrl":"https:\/\/www.iberosa.com\/wp-content\/uploads\/2021\/05\/personalizacion-bordado.jpg","datePublished":"2021-05-04T09:30:08+00:00","dateModified":"2021-06-01T07:06:25+00:00","breadcrumb":{"@id":"https:\/\/www.iberosa.com\/fr\/produits-textiles-personnalises\/#breadcrumb"},"inLanguage":"fr-FR","potentialAction":[{"@type":"ReadAction","target":["https:\/\/www.iberosa.com\/fr\/produits-textiles-personnalises\/"]}]},{"@type":"ImageObject","inLanguage":"fr-FR","@id":"https:\/\/www.iberosa.com\/fr\/produits-textiles-personnalises\/#primaryimage","url":"https:\/\/www.iberosa.com\/wp-content\/uploads\/2021\/05\/personalizacion-bordado.jpg","contentUrl":"https:\/\/www.iberosa.com\/wp-content\/uploads\/2021\/05\/personalizacion-bordado.jpg","width":1000,"height":650},{"@type":"BreadcrumbList","@id":"https:\/\/www.iberosa.com\/fr\/produits-textiles-personnalises\/#breadcrumb","itemListElement":[{"@type":"ListItem","position":1,"name":"Accueil","item":"https:\/\/www.iberosa.com\/fr\/"},{"@type":"ListItem","position":2,"name":"Non classifi\u00e9(e)","item":"https:\/\/www.iberosa.com\/fr\/category\/non-classifiee\/"},{"@type":"ListItem","position":3,"name":"Produits textiles personnalis\u00e9s"}]},{"@type":"WebSite","@id":"https:\/\/www.iberosa.com\/fr\/#website","url":"https:\/\/www.iberosa.com\/fr\/","name":"Iberosa - Iberoamericana de hilados y tejidos, SL","description":"Especializados en textil para hosteler\u00eda y sanidad","publisher":{"@id":"https:\/\/www.iberosa.com\/fr\/#organization"},"potentialAction":[{"@type":"SearchAction","target":{"@type":"EntryPoint","urlTemplate":"https:\/\/www.iberosa.com\/fr\/?s={search_term_string}"},"query-input":{"@type":"PropertyValueSpecification","valueRequired":true,"valueName":"search_term_string"}}],"inLanguage":"fr-FR"},{"@type":"Organization","@id":"https:\/\/www.iberosa.com\/fr\/#organization","name":"Iberosa - Iberoamericana de hilados y tejidos, SL","url":"https:\/\/www.iberosa.com\/fr\/","logo":{"@type":"ImageObject","inLanguage":"fr-FR","@id":"https:\/\/www.iberosa.com\/fr\/#\/schema\/logo\/image\/","url":"https:\/\/www.iberosa.com\/wp-content\/uploads\/2019\/11\/logo-iberosa-web-2021.png","contentUrl":"https:\/\/www.iberosa.com\/wp-content\/uploads\/2019\/11\/logo-iberosa-web-2021.png","width":276,"height":45,"caption":"Iberosa - Iberoamericana de hilados y tejidos, SL"},"image":{"@id":"https:\/\/www.iberosa.com\/fr\/#\/schema\/logo\/image\/"},"sameAs":["https:\/\/www.facebook.com\/iberosatextiles","https:\/\/x.com\/IberosaTextiles","https:\/\/www.linkedin.com\/company\/iberosa-textiles"]},{"@type":"Person","@id":"https:\/\/www.iberosa.com\/fr\/#\/schema\/person\/7fde146850fdfb237cc788ba43c93b9c","name":"admin_rumbo","image":{"@type":"ImageObject","inLanguage":"fr-FR","@id":"https:\/\/secure.gravatar.com\/avatar\/31cfed26ea3f5b11101034c35da9feb8d5c72a2da3d6f6bccb9b6f6819b6b63d?s=96&d=mm&r=g","url":"https:\/\/secure.gravatar.com\/avatar\/31cfed26ea3f5b11101034c35da9feb8d5c72a2da3d6f6bccb9b6f6819b6b63d?s=96&d=mm&r=g","contentUrl":"https:\/\/secure.gravatar.com\/avatar\/31cfed26ea3f5b11101034c35da9feb8d5c72a2da3d6f6bccb9b6f6819b6b63d?s=96&d=mm&r=g","caption":"admin_rumbo"},"url":"https:\/\/www.iberosa.com\/fr\/author\/admin_rumbo\/"}]}},"_links":{"self":[{"href":"https:\/\/www.iberosa.com\/fr\/wp-json\/wp\/v2\/posts\/5187","targetHints":{"allow":["GET"]}}],"collection":[{"href":"https:\/\/www.iberosa.com\/fr\/wp-json\/wp\/v2\/posts"}],"about":[{"href":"https:\/\/www.iberosa.com\/fr\/wp-json\/wp\/v2\/types\/post"}],"author":[{"embeddable":true,"href":"https:\/\/www.iberosa.com\/fr\/wp-json\/wp\/v2\/users\/1"}],"replies":[{"embeddable":true,"href":"https:\/\/www.iberosa.com\/fr\/wp-json\/wp\/v2\/comments?post=5187"}],"version-history":[{"count":3,"href":"https:\/\/www.iberosa.com\/fr\/wp-json\/wp\/v2\/posts\/5187\/revisions"}],"predecessor-version":[{"id":5190,"href":"https:\/\/www.iberosa.com\/fr\/wp-json\/wp\/v2\/posts\/5187\/revisions\/5190"}],"wp:featuredmedia":[{"embeddable":true,"href":"https:\/\/www.iberosa.com\/fr\/wp-json\/wp\/v2\/media\/5051"}],"wp:attachment":[{"href":"https:\/\/www.iberosa.com\/fr\/wp-json\/wp\/v2\/media?parent=5187"}],"wp:term":[{"taxonomy":"category","embeddable":true,"href":"https:\/\/www.iberosa.com\/fr\/wp-json\/wp\/v2\/categories?post=5187"},{"taxonomy":"post_tag","embeddable":true,"href":"https:\/\/www.iberosa.com\/fr\/wp-json\/wp\/v2\/tags?post=5187"}],"curies":[{"name":"wp","href":"https:\/\/api.w.org\/{rel}","templated":true}]}}